{"id":26067,"date":"2020-02-26T14:16:17","date_gmt":"2020-02-26T13:16:17","guid":{"rendered":"https:\/\/www.portovenere.fr\/fr-fr\/?p=26067"},"modified":"2022-03-14T15:53:29","modified_gmt":"2022-03-14T14:53:29","slug":"un-duo-gagnant-associer-bois-et-laque-dans-votre-cuisine","status":"publish","type":"post","link":"https:\/\/www.portovenere.fr\/fr-fr\/un-duo-gagnant-associer-bois-et-laque-dans-votre-cuisine\/","title":{"rendered":"Un duo gagnant : associer bois et laque dans votre cuisine"},"content":{"rendered":"\t\t<div data-elementor-type=\"wp-post\" data-elementor-id=\"26067\" class=\"elementor elementor-26067\" data-elementor-post-type=\"post\">\n\t\t\t\t\t\t<section class=\"elementor-section elementor-top-section elementor-element elementor-element-3fb60ce elementor-section-stretched elementor-section-boxed elementor-section-height-default elementor-section-height-default\" data-id=\"3fb60ce\" data-element_type=\"section\" data-e-type=\"section\" data-settings=\"{&quot;stretch_section&quot;:&quot;section-stretched&quot;}\">\n\t\t\t\t\t\t<div class=\"elementor-container elementor-column-gap-default\">\n\t\t\t\t\t<div class=\"elementor-column elementor-col-100 elementor-top-column elementor-element elementor-element-6728e50\" data-id=\"6728e50\" data-element_type=\"column\" data-e-type=\"column\">\n\t\t\t<div class=\"elementor-widget-wrap elementor-element-populated\">\n\t\t\t\t\t\t<div class=\"elementor-element elementor-element-08838ea elementor-widget elementor-widget-heading\" data-id=\"08838ea\" data-element_type=\"widget\" data-e-type=\"widget\" data-widget_type=\"heading.default\">\n\t\t\t\t<div class=\"elementor-widget-container\">\n\t\t\t\t\t<h1 class=\"elementor-heading-title elementor-size-default\">Un duo gagnant : associer bois et laque dans votre cuisine<\/h1>\t\t\t\t<\/div>\n\t\t\t\t<\/div>\n\t\t\t\t<div class=\"elementor-element elementor-element-3571617 elementor-widget elementor-widget-heading\" data-id=\"3571617\" data-element_type=\"widget\" data-e-type=\"widget\" data-widget_type=\"heading.default\">\n\t\t\t\t<div class=\"elementor-widget-container\">\n\t\t\t\t\t<h2 class=\"elementor-heading-title elementor-size-default\">Porto Venere, votre cuisiniste haut de gamme \u00e0 Montpellier vous propose des collections \u00e9l\u00e9gantes et de tr\u00e8s belle qualit\u00e9<\/h2>\t\t\t\t<\/div>\n\t\t\t\t<\/div>\n\t\t\t\t\t<\/div>\n\t\t<\/div>\n\t\t\t\t\t<\/div>\n\t\t<\/section>\n\t\t\t\t<section class=\"elementor-section elementor-top-section elementor-element elementor-element-f9c1fe2 elementor-section-boxed elementor-section-height-default elementor-section-height-default\" data-id=\"f9c1fe2\" data-element_type=\"section\" data-e-type=\"section\">\n\t\t\t\t\t\t<div class=\"elementor-container elementor-column-gap-default\">\n\t\t\t\t\t<div class=\"elementor-column elementor-col-100 elementor-top-column elementor-element elementor-element-6f865d3\" data-id=\"6f865d3\" data-element_type=\"column\" data-e-type=\"column\">\n\t\t\t<div class=\"elementor-widget-wrap elementor-element-populated\">\n\t\t\t\t\t\t<div class=\"elementor-element elementor-element-8ef58e9 elementor-widget elementor-widget-spacer\" data-id=\"8ef58e9\" data-element_type=\"widget\" data-e-type=\"widget\" data-widget_type=\"spacer.default\">\n\t\t\t\t<div class=\"elementor-widget-container\">\n\t\t\t\t\t\t\t<div class=\"elementor-spacer\">\n\t\t\t<div class=\"elementor-spacer-inner\"><\/div>\n\t\t<\/div>\n\t\t\t\t\t\t<\/div>\n\t\t\t\t<\/div>\n\t\t\t\t\t<\/div>\n\t\t<\/div>\n\t\t\t\t\t<\/div>\n\t\t<\/section>\n\t\t\t\t<section class=\"elementor-section elementor-top-section elementor-element elementor-element-85ed7a7 elementor-section-boxed elementor-section-height-default elementor-section-height-default\" data-id=\"85ed7a7\" data-element_type=\"section\" data-e-type=\"section\">\n\t\t\t\t\t\t<div class=\"elementor-container elementor-column-gap-default\">\n\t\t\t\t\t<div class=\"elementor-column elementor-col-100 elementor-top-column elementor-element elementor-element-64a593b\" data-id=\"64a593b\" data-element_type=\"column\" data-e-type=\"column\">\n\t\t\t<div class=\"elementor-widget-wrap elementor-element-populated\">\n\t\t\t\t\t\t<div class=\"elementor-element elementor-element-a3439e8 elementor-widget elementor-widget-heading\" data-id=\"a3439e8\" data-element_type=\"widget\" data-e-type=\"widget\" data-widget_type=\"heading.default\">\n\t\t\t\t<div class=\"elementor-widget-container\">\n\t\t\t\t\t<h3 class=\"elementor-heading-title elementor-size-default\">Cuisine au design raffin\u00e9 : Artwood 22K Noyer Cuba et Feel 961 Blanc<\/h3>\t\t\t\t<\/div>\n\t\t\t\t<\/div>\n\t\t\t\t\t<\/div>\n\t\t<\/div>\n\t\t\t\t\t<\/div>\n\t\t<\/section>\n\t\t\t\t<section class=\"elementor-section elementor-top-section elementor-element elementor-element-ba6b7aa elementor-section-stretched elementor-section-boxed elementor-section-height-default elementor-section-height-default\" data-id=\"ba6b7aa\" data-element_type=\"section\" data-e-type=\"section\" data-settings=\"{&quot;stretch_section&quot;:&quot;section-stretched&quot;}\">\n\t\t\t\t\t\t<div class=\"elementor-container elementor-column-gap-default\">\n\t\t\t\t\t<div class=\"elementor-column elementor-col-50 elementor-top-column elementor-element elementor-element-8073aef\" data-id=\"8073aef\" data-element_type=\"column\" data-e-type=\"column\">\n\t\t\t<div class=\"elementor-widget-wrap elementor-element-populated\">\n\t\t\t\t\t\t<div class=\"elementor-element elementor-element-2bb6662 elementor-widget elementor-widget-image\" data-id=\"2bb6662\" data-element_type=\"widget\" data-e-type=\"widget\" data-widget_type=\"image.default\">\n\t\t\t\t<div class=\"elementor-widget-container\">\n\t\t\t\t\t\t\t\t\t\t\t\t\t\t\t\t<a href=\"https:\/\/www.portovenere.fr\/fr-fr\/wp-content\/uploads\/2019\/07\/Cuisine-appartement-ville-melange-bois-brun-laque-blanche-brillante-Artwood-22K-Noyer-Cuba-1.jpg\" data-elementor-open-lightbox=\"yes\" data-elementor-lightbox-title=\"Artwood 22K - Nussbaum Kuba \/ Feel 961 - Wei\u00df\" data-e-action-hash=\"#elementor-action%3Aaction%3Dlightbox%26settings%3DeyJpZCI6ODgyNywidXJsIjoiaHR0cHM6XC9cL3d3dy5wb3J0b3ZlbmVyZS5mclwvZnItZnJcL3dwLWNvbnRlbnRcL3VwbG9hZHNcLzIwMTlcLzA3XC9DdWlzaW5lLWFwcGFydGVtZW50LXZpbGxlLW1lbGFuZ2UtYm9pcy1icnVuLWxhcXVlLWJsYW5jaGUtYnJpbGxhbnRlLUFydHdvb2QtMjJLLU5veWVyLUN1YmEtMS5qcGcifQ%3D%3D\">\n\t\t\t\t\t\t\t<img fetchpriority=\"high\" decoding=\"async\" width=\"768\" height=\"512\" src=\"https:\/\/www.portovenere.fr\/fr-fr\/wp-content\/uploads\/2019\/07\/Cuisine-appartement-ville-melange-bois-brun-laque-blanche-brillante-Artwood-22K-Noyer-Cuba-1-768x512.jpg\" class=\"attachment-medium_large size-medium_large wp-image-8827\" alt=\"\" srcset=\"https:\/\/www.portovenere.fr\/fr-fr\/wp-content\/uploads\/2019\/07\/Cuisine-appartement-ville-melange-bois-brun-laque-blanche-brillante-Artwood-22K-Noyer-Cuba-1-768x512.jpg 768w, https:\/\/www.portovenere.fr\/fr-fr\/wp-content\/uploads\/2019\/07\/Cuisine-appartement-ville-melange-bois-brun-laque-blanche-brillante-Artwood-22K-Noyer-Cuba-1-300x200.jpg 300w, https:\/\/www.portovenere.fr\/fr-fr\/wp-content\/uploads\/2019\/07\/Cuisine-appartement-ville-melange-bois-brun-laque-blanche-brillante-Artwood-22K-Noyer-Cuba-1-1024x683.jpg 1024w, https:\/\/www.portovenere.fr\/fr-fr\/wp-content\/uploads\/2019\/07\/Cuisine-appartement-ville-melange-bois-brun-laque-blanche-brillante-Artwood-22K-Noyer-Cuba-1-900x600.jpg 900w, https:\/\/www.portovenere.fr\/fr-fr\/wp-content\/uploads\/2019\/07\/Cuisine-appartement-ville-melange-bois-brun-laque-blanche-brillante-Artwood-22K-Noyer-Cuba-1-1000x667.jpg 1000w, https:\/\/www.portovenere.fr\/fr-fr\/wp-content\/uploads\/2019\/07\/Cuisine-appartement-ville-melange-bois-brun-laque-blanche-brillante-Artwood-22K-Noyer-Cuba-1-450x300.jpg 450w, https:\/\/www.portovenere.fr\/fr-fr\/wp-content\/uploads\/2019\/07\/Cuisine-appartement-ville-melange-bois-brun-laque-blanche-brillante-Artwood-22K-Noyer-Cuba-1-840x560.jpg 840w, https:\/\/www.portovenere.fr\/fr-fr\/wp-content\/uploads\/2019\/07\/Cuisine-appartement-ville-melange-bois-brun-laque-blanche-brillante-Artwood-22K-Noyer-Cuba-1-540x360.jpg 540w, https:\/\/www.portovenere.fr\/fr-fr\/wp-content\/uploads\/2019\/07\/Cuisine-appartement-ville-melange-bois-brun-laque-blanche-brillante-Artwood-22K-Noyer-Cuba-1.jpg 1200w\" sizes=\"(max-width: 768px) 100vw, 768px\" \/>\t\t\t\t\t\t\t\t<\/a>\n\t\t\t\t\t\t\t\t\t\t\t\t\t\t\t<\/div>\n\t\t\t\t<\/div>\n\t\t\t\t\t<\/div>\n\t\t<\/div>\n\t\t\t\t<div class=\"elementor-column elementor-col-50 elementor-top-column elementor-element elementor-element-27550f1 elementor-invisible\" data-id=\"27550f1\" data-element_type=\"column\" data-e-type=\"column\" data-settings=\"{&quot;background_background&quot;:&quot;classic&quot;,&quot;animation&quot;:&quot;fadeInRight&quot;,&quot;animation_delay&quot;:600}\">\n\t\t\t<div class=\"elementor-widget-wrap elementor-element-populated\">\n\t\t\t\t\t\t<div class=\"elementor-element elementor-element-4b67a0f elementor-widget elementor-widget-text-editor\" data-id=\"4b67a0f\" data-element_type=\"widget\" data-e-type=\"widget\" data-widget_type=\"text-editor.default\">\n\t\t\t\t<div class=\"elementor-widget-container\">\n\t\t\t\t\t\t\t\t\t<p>S\u00e9rie PREMIUM<\/p>\t\t\t\t\t\t\t\t<\/div>\n\t\t\t\t<\/div>\n\t\t\t\t<div class=\"elementor-element elementor-element-a5d6635 elementor-widget elementor-widget-text-editor\" data-id=\"a5d6635\" data-element_type=\"widget\" data-e-type=\"widget\" data-widget_type=\"text-editor.default\">\n\t\t\t\t<div class=\"elementor-widget-container\">\n\t\t\t\t\t\t\t\t\t<p>Ce magnifique espace s\u00e9jour d\u2019un appartement en centre-ville accueille une <b>cuisine ouverte <\/b>avec \u00e9vier et plan de cuisson sur la droite, le tout surmont\u00e9 de meubles hauts en <b>laque mate blanche<\/b> Feel 961 Blanc et de <b>niches ouvertes<\/b> en m\u00e9lamin\u00e9 <b>effet bois Noyer<\/b> Cuba 22K Artwood.\u00a0<\/p><p>Le mur du fond associe une <b>biblioth\u00e8que coloris Noyer<\/b> Cuba et des armoires blanches. Ces derni\u00e8res int\u00e8grent four, r\u00e9frig\u00e9rateur et cong\u00e9lateur.<\/p><p><i>Nos mod\u00e8les de cuisines sont propos\u00e9s dans de tr\u00e8s nombreuses finitions, nuances, dimensions&#8230;afin de vous offrir la cuisine que vous souhaitez. Porto Venere propose plus globalement l&rsquo;ensemble des produits et mobiliers pour am\u00e9nager vos espaces de vie : salle de bain, carrelage, parquet, luminaires, canap\u00e9&#8230;<\/i><\/p><p>\u00a0<\/p>\t\t\t\t\t\t\t\t<\/div>\n\t\t\t\t<\/div>\n\t\t\t\t<div class=\"elementor-element elementor-element-4ce6779 elementor-mobile-align-center elementor-widget elementor-widget-button\" data-id=\"4ce6779\" data-element_type=\"widget\" data-e-type=\"widget\" data-widget_type=\"button.default\">\n\t\t\t\t<div class=\"elementor-widget-container\">\n\t\t\t\t\t\t\t\t\t<div class=\"elementor-button-wrapper\">\n\t\t\t\t\t<a class=\"elementor-button elementor-button-link elementor-size-sm\" href=\"https:\/\/www.portovenere.fr\/fr-fr\/cuisine-design-et-haut-de-gamme-a-montpellier\/cuisine-fonctionnelle-et-de-qualite-a-montpellier-serie-premium\/cuisine-sejour-effet-bois-noyer-cuba-artwood-22k\/\">\n\t\t\t\t\t\t<span class=\"elementor-button-content-wrapper\">\n\t\t\t\t\t\t\t\t\t<span class=\"elementor-button-text\">voir cette s\u00e9lection<\/span>\n\t\t\t\t\t<\/span>\n\t\t\t\t\t<\/a>\n\t\t\t\t<\/div>\n\t\t\t\t\t\t\t\t<\/div>\n\t\t\t\t<\/div>\n\t\t\t\t\t<\/div>\n\t\t<\/div>\n\t\t\t\t\t<\/div>\n\t\t<\/section>\n\t\t\t\t<section class=\"elementor-section elementor-top-section elementor-element elementor-element-021a320 elementor-section-stretched elementor-section-boxed elementor-section-height-default elementor-section-height-default\" data-id=\"021a320\" data-element_type=\"section\" data-e-type=\"section\" data-settings=\"{&quot;stretch_section&quot;:&quot;section-stretched&quot;}\">\n\t\t\t\t\t\t<div class=\"elementor-container elementor-column-gap-default\">\n\t\t\t\t\t<div class=\"elementor-column elementor-col-100 elementor-top-column elementor-element elementor-element-4a1e27c\" data-id=\"4a1e27c\" data-element_type=\"column\" data-e-type=\"column\">\n\t\t\t<div class=\"elementor-widget-wrap elementor-element-populated\">\n\t\t\t\t\t\t<div class=\"elementor-element elementor-element-24331ca elementor-arrows-position-inside elementor-pagination-position-outside elementor-widget elementor-widget-image-carousel\" data-id=\"24331ca\" data-element_type=\"widget\" data-e-type=\"widget\" data-settings=\"{&quot;navigation&quot;:&quot;both&quot;,&quot;autoplay&quot;:&quot;yes&quot;,&quot;pause_on_hover&quot;:&quot;yes&quot;,&quot;pause_on_interaction&quot;:&quot;yes&quot;,&quot;autoplay_speed&quot;:5000,&quot;infinite&quot;:&quot;yes&quot;,&quot;speed&quot;:500}\" data-widget_type=\"image-carousel.default\">\n\t\t\t\t<div class=\"elementor-widget-container\">\n\t\t\t\t\t\t\t<div class=\"elementor-image-carousel-wrapper swiper\" role=\"region\" aria-roledescription=\"carousel\" aria-label=\"Carrousel d\u2019images\" dir=\"ltr\">\n\t\t\t<div class=\"elementor-image-carousel swiper-wrapper\" aria-live=\"off\">\n\t\t\t\t\t\t\t\t<div class=\"swiper-slide\" role=\"group\" aria-roledescription=\"slide\" aria-label=\"1 sur 3\"><a data-elementor-open-lightbox=\"yes\" data-elementor-lightbox-slideshow=\"24331ca\" data-elementor-lightbox-title=\"Artwood 22K - Nussbaum Kuba \/ Feel 961 - Wei\u00df\" data-e-action-hash=\"#elementor-action%3Aaction%3Dlightbox%26settings%3DeyJpZCI6ODgyNiwidXJsIjoiaHR0cHM6XC9cL3d3dy5wb3J0b3ZlbmVyZS5mclwvZnItZnJcL3dwLWNvbnRlbnRcL3VwbG9hZHNcLzIwMTlcLzA3XC9DdWlzaW5lLWFwcGFydGVtZW50LXZpbGxlLW1lbGFuZ2UtYm9pcy1icnVuLWxhcXVlLWJsYW5jaGUtYnJpbGxhbnRlLUFydHdvb2QtMjJLLU5veWVyLUN1YmEtMi5qcGciLCJzbGlkZXNob3ciOiIyNDMzMWNhIn0%3D\" href=\"https:\/\/www.portovenere.fr\/fr-fr\/wp-content\/uploads\/2019\/07\/Cuisine-appartement-ville-melange-bois-brun-laque-blanche-brillante-Artwood-22K-Noyer-Cuba-2.jpg\"><figure class=\"swiper-slide-inner\"><img decoding=\"async\" class=\"swiper-slide-image\" src=\"https:\/\/www.portovenere.fr\/fr-fr\/wp-content\/uploads\/2019\/07\/Cuisine-appartement-ville-melange-bois-brun-laque-blanche-brillante-Artwood-22K-Noyer-Cuba-2-300x212.jpg\" alt=\"Cuisine haut de gamme Artwood Noyer Cuba chez Porto Venere Montpellier\" \/><\/figure><\/a><\/div><div class=\"swiper-slide\" role=\"group\" aria-roledescription=\"slide\" aria-label=\"2 sur 3\"><a data-elementor-open-lightbox=\"yes\" data-elementor-lightbox-slideshow=\"24331ca\" data-elementor-lightbox-title=\"Artwood 22K - Nussbaum Kuba \/ Feel 961 - Wei\u00df\" data-e-action-hash=\"#elementor-action%3Aaction%3Dlightbox%26settings%3DeyJpZCI6ODgzNywidXJsIjoiaHR0cHM6XC9cL3d3dy5wb3J0b3ZlbmVyZS5mclwvZnItZnJcL3dwLWNvbnRlbnRcL3VwbG9hZHNcLzIwMTlcLzA3XC9UYWJsZS1lbi1tZWxhbWluZS1lZmZldC1ib2lzLU5veWVyLUN1YmEtQXJ0d29vZC0yMksuanBnIiwic2xpZGVzaG93IjoiMjQzMzFjYSJ9\" href=\"https:\/\/www.portovenere.fr\/fr-fr\/wp-content\/uploads\/2019\/07\/Table-en-melamine-effet-bois-Noyer-Cuba-Artwood-22K.jpg\"><figure class=\"swiper-slide-inner\"><img decoding=\"async\" class=\"swiper-slide-image\" src=\"https:\/\/www.portovenere.fr\/fr-fr\/wp-content\/uploads\/2019\/07\/Table-en-melamine-effet-bois-Noyer-Cuba-Artwood-22K-300x200.jpg\" alt=\"Artwood 22K - Nussbaum Kuba \/ Feel 961 - Wei\u00df\" \/><\/figure><\/a><\/div><div class=\"swiper-slide\" role=\"group\" aria-roledescription=\"slide\" aria-label=\"3 sur 3\"><a data-elementor-open-lightbox=\"yes\" data-elementor-lightbox-slideshow=\"24331ca\" data-elementor-lightbox-title=\"Artwood 22K - Nussbaum Kuba \/ Feel 961 - Wei\u00df\" data-e-action-hash=\"#elementor-action%3Aaction%3Dlightbox%26settings%3DeyJpZCI6ODgzNiwidXJsIjoiaHR0cHM6XC9cL3d3dy5wb3J0b3ZlbmVyZS5mclwvZnItZnJcL3dwLWNvbnRlbnRcL3VwbG9hZHNcLzIwMTlcLzA3XC9CdWZmZXQtc3VzcGVuZHUtZW4tbWVsYW1pbmUtZWZmZXQtYm9pcy1BcnR3b29kLTIySy5qcGciLCJzbGlkZXNob3ciOiIyNDMzMWNhIn0%3D\" href=\"https:\/\/www.portovenere.fr\/fr-fr\/wp-content\/uploads\/2019\/07\/Buffet-suspendu-en-melamine-effet-bois-Artwood-22K.jpg\"><figure class=\"swiper-slide-inner\"><img decoding=\"async\" class=\"swiper-slide-image\" src=\"https:\/\/www.portovenere.fr\/fr-fr\/wp-content\/uploads\/2019\/07\/Buffet-suspendu-en-melamine-effet-bois-Artwood-22K-300x201.jpg\" alt=\"Artwood 22K - Nussbaum Kuba \/ Feel 961 - Wei\u00df\" \/><\/figure><\/a><\/div>\t\t\t<\/div>\n\t\t\t\t\t\t\t\t\t\t\t\t<div class=\"elementor-swiper-button elementor-swiper-button-prev\" role=\"button\" tabindex=\"0\">\n\t\t\t\t\t\t<svg aria-hidden=\"true\" class=\"e-font-icon-svg e-eicon-chevron-left\" viewBox=\"0 0 1000 1000\" xmlns=\"http:\/\/www.w3.org\/2000\/svg\"><path d=\"M646 125C629 125 613 133 604 142L308 442C296 454 292 471 292 487 292 504 296 521 308 533L604 854C617 867 629 875 646 875 663 875 679 871 692 858 704 846 713 829 713 812 713 796 708 779 692 767L438 487 692 225C700 217 708 204 708 187 708 171 704 154 692 142 675 129 663 125 646 125Z\"><\/path><\/svg>\t\t\t\t\t<\/div>\n\t\t\t\t\t<div class=\"elementor-swiper-button elementor-swiper-button-next\" role=\"button\" tabindex=\"0\">\n\t\t\t\t\t\t<svg aria-hidden=\"true\" class=\"e-font-icon-svg e-eicon-chevron-right\" viewBox=\"0 0 1000 1000\" xmlns=\"http:\/\/www.w3.org\/2000\/svg\"><path d=\"M696 533C708 521 713 504 713 487 713 471 708 454 696 446L400 146C388 133 375 125 354 125 338 125 325 129 313 142 300 154 292 171 292 187 292 204 296 221 308 233L563 492 304 771C292 783 288 800 288 817 288 833 296 850 308 863 321 871 338 875 354 875 371 875 388 867 400 854L696 533Z\"><\/path><\/svg>\t\t\t\t\t<\/div>\n\t\t\t\t\n\t\t\t\t\t\t\t\t\t<div class=\"swiper-pagination\"><\/div>\n\t\t\t\t\t\t\t\t\t<\/div>\n\t\t\t\t\t\t<\/div>\n\t\t\t\t<\/div>\n\t\t\t\t\t<\/div>\n\t\t<\/div>\n\t\t\t\t\t<\/div>\n\t\t<\/section>\n\t\t\t\t<section class=\"elementor-section elementor-top-section elementor-element elementor-element-c1cc0dd elementor-section-stretched elementor-section-boxed elementor-section-height-default elementor-section-height-default\" data-id=\"c1cc0dd\" data-element_type=\"section\" data-e-type=\"section\" data-settings=\"{&quot;stretch_section&quot;:&quot;section-stretched&quot;}\">\n\t\t\t\t\t\t<div class=\"elementor-container elementor-column-gap-default\">\n\t\t\t\t\t<div class=\"elementor-column elementor-col-100 elementor-top-column elementor-element elementor-element-4a0dcd6\" data-id=\"4a0dcd6\" data-element_type=\"column\" data-e-type=\"column\">\n\t\t\t<div class=\"elementor-widget-wrap elementor-element-populated\">\n\t\t\t\t\t\t<div class=\"elementor-element elementor-element-f395f6f elementor-widget elementor-widget-spacer\" data-id=\"f395f6f\" data-element_type=\"widget\" data-e-type=\"widget\" data-widget_type=\"spacer.default\">\n\t\t\t\t<div class=\"elementor-widget-container\">\n\t\t\t\t\t\t\t<div class=\"elementor-spacer\">\n\t\t\t<div class=\"elementor-spacer-inner\"><\/div>\n\t\t<\/div>\n\t\t\t\t\t\t<\/div>\n\t\t\t\t<\/div>\n\t\t\t\t\t<\/div>\n\t\t<\/div>\n\t\t\t\t\t<\/div>\n\t\t<\/section>\n\t\t\t\t<section class=\"elementor-section elementor-top-section elementor-element elementor-element-cf29aa3 elementor-section-stretched elementor-section-boxed elementor-section-height-default elementor-section-height-default\" data-id=\"cf29aa3\" data-element_type=\"section\" data-e-type=\"section\" data-settings=\"{&quot;stretch_section&quot;:&quot;section-stretched&quot;,&quot;background_background&quot;:&quot;classic&quot;}\">\n\t\t\t\t\t\t<div class=\"elementor-container elementor-column-gap-default\">\n\t\t\t\t\t<div class=\"elementor-column elementor-col-100 elementor-top-column elementor-element elementor-element-ac6e41d\" data-id=\"ac6e41d\" data-element_type=\"column\" data-e-type=\"column\">\n\t\t\t<div class=\"elementor-widget-wrap elementor-element-populated\">\n\t\t\t\t\t\t<div class=\"elementor-element elementor-element-f2a325e elementor-widget elementor-widget-heading\" data-id=\"f2a325e\" data-element_type=\"widget\" data-e-type=\"widget\" data-widget_type=\"heading.default\">\n\t\t\t\t<div class=\"elementor-widget-container\">\n\t\t\t\t\t<h4 class=\"elementor-heading-title elementor-size-default\">Cuisine contemporaine : Soft Lack \/ Manhattan<\/h4>\t\t\t\t<\/div>\n\t\t\t\t<\/div>\n\t\t\t\t\t<\/div>\n\t\t<\/div>\n\t\t\t\t\t<\/div>\n\t\t<\/section>\n\t\t\t\t<section class=\"elementor-section elementor-top-section elementor-element elementor-element-9b17693 elementor-section-stretched elementor-section-boxed elementor-section-height-default elementor-section-height-default\" data-id=\"9b17693\" data-element_type=\"section\" data-e-type=\"section\" data-settings=\"{&quot;stretch_section&quot;:&quot;section-stretched&quot;,&quot;background_background&quot;:&quot;classic&quot;}\">\n\t\t\t\t\t\t<div class=\"elementor-container elementor-column-gap-default\">\n\t\t\t\t\t<div class=\"elementor-column elementor-col-33 elementor-top-column elementor-element elementor-element-9ce8954 elementor-invisible\" data-id=\"9ce8954\" data-element_type=\"column\" data-e-type=\"column\" data-settings=\"{&quot;background_background&quot;:&quot;classic&quot;,&quot;animation&quot;:&quot;fadeInLeft&quot;}\">\n\t\t\t<div class=\"elementor-widget-wrap elementor-element-populated\">\n\t\t\t\t\t\t<div class=\"elementor-element elementor-element-6f4ceb9 elementor-widget elementor-widget-text-editor\" data-id=\"6f4ceb9\" data-element_type=\"widget\" data-e-type=\"widget\" data-widget_type=\"text-editor.default\">\n\t\t\t\t<div class=\"elementor-widget-container\">\n\t\t\t\t\t\t\t\t\t<p>Cette cuisine allie la chaleur de la<b> finition effet bois<\/b> Orme de Provence au design de la laque coloris blanc mat. L&rsquo;<b>\u00eelot central<\/b> est recouvert par un plan en verre blanc pour un effet encore plus contemporain dans cette cuisine o\u00f9 tout a \u00e9t\u00e9 pens\u00e9 pour am\u00e9liorer votre exp\u00e9rience.<\/p><p>D\u00e9couvrez par exemple la grande <b>biblioth\u00e8que double face<\/b> qui sert v\u00e9ritablement d\u2019\u00e9l\u00e9ment architectural entre le s\u00e9jour et la cuisine sans parler des <b>niches murales<\/b> qui cr\u00e9ent un effet d\u00e9structur\u00e9\u2026<\/p>\t\t\t\t\t\t\t\t<\/div>\n\t\t\t\t<\/div>\n\t\t\t\t\t<\/div>\n\t\t<\/div>\n\t\t\t\t<div class=\"elementor-column elementor-col-33 elementor-top-column elementor-element elementor-element-909a6f7\" data-id=\"909a6f7\" data-element_type=\"column\" data-e-type=\"column\">\n\t\t\t<div class=\"elementor-widget-wrap elementor-element-populated\">\n\t\t\t\t\t\t<div class=\"elementor-element elementor-element-040fc9e elementor-widget elementor-widget-image\" data-id=\"040fc9e\" data-element_type=\"widget\" data-e-type=\"widget\" data-widget_type=\"image.default\">\n\t\t\t\t<div class=\"elementor-widget-container\">\n\t\t\t\t\t\t\t\t\t\t\t\t\t\t\t\t<a href=\"https:\/\/www.portovenere.fr\/fr-fr\/wp-content\/uploads\/2020\/02\/Cuisine_Allemande_Chaleureuse_Bois_Laque_Mate_Blanc_Soft_Lack_Manhattan_Montpellier_Garosud.jpg\" data-elementor-open-lightbox=\"yes\" data-elementor-lightbox-title=\"Cuisine_Allemande_Chaleureuse_Bois_Laque_Mate_Blanc_Soft_Lack_Manhattan_Montpellier_Garosud\" data-e-action-hash=\"#elementor-action%3Aaction%3Dlightbox%26settings%3DeyJpZCI6MjYwNjgsInVybCI6Imh0dHBzOlwvXC93d3cucG9ydG92ZW5lcmUuZnJcL2ZyLWZyXC93cC1jb250ZW50XC91cGxvYWRzXC8yMDIwXC8wMlwvQ3Vpc2luZV9BbGxlbWFuZGVfQ2hhbGV1cmV1c2VfQm9pc19MYXF1ZV9NYXRlX0JsYW5jX1NvZnRfTGFja19NYW5oYXR0YW5fTW9udHBlbGxpZXJfR2Fyb3N1ZC5qcGcifQ%3D%3D\">\n\t\t\t\t\t\t\t<img decoding=\"async\" width=\"800\" height=\"598\" src=\"https:\/\/www.portovenere.fr\/fr-fr\/wp-content\/uploads\/2020\/02\/Cuisine_Allemande_Chaleureuse_Bois_Laque_Mate_Blanc_Soft_Lack_Manhattan_Montpellier_Garosud-1024x766.jpg\" class=\"attachment-large size-large wp-image-26068\" alt=\"\" srcset=\"https:\/\/www.portovenere.fr\/fr-fr\/wp-content\/uploads\/2020\/02\/Cuisine_Allemande_Chaleureuse_Bois_Laque_Mate_Blanc_Soft_Lack_Manhattan_Montpellier_Garosud-1024x766.jpg 1024w, https:\/\/www.portovenere.fr\/fr-fr\/wp-content\/uploads\/2020\/02\/Cuisine_Allemande_Chaleureuse_Bois_Laque_Mate_Blanc_Soft_Lack_Manhattan_Montpellier_Garosud-300x224.jpg 300w, https:\/\/www.portovenere.fr\/fr-fr\/wp-content\/uploads\/2020\/02\/Cuisine_Allemande_Chaleureuse_Bois_Laque_Mate_Blanc_Soft_Lack_Manhattan_Montpellier_Garosud-768x574.jpg 768w, https:\/\/www.portovenere.fr\/fr-fr\/wp-content\/uploads\/2020\/02\/Cuisine_Allemande_Chaleureuse_Bois_Laque_Mate_Blanc_Soft_Lack_Manhattan_Montpellier_Garosud.jpg 1240w\" sizes=\"(max-width: 800px) 100vw, 800px\" \/>\t\t\t\t\t\t\t\t<\/a>\n\t\t\t\t\t\t\t\t\t\t\t\t\t\t\t<\/div>\n\t\t\t\t<\/div>\n\t\t\t\t\t<\/div>\n\t\t<\/div>\n\t\t\t\t<div class=\"elementor-column elementor-col-33 elementor-top-column elementor-element elementor-element-986b5fa elementor-invisible\" data-id=\"986b5fa\" data-element_type=\"column\" data-e-type=\"column\" data-settings=\"{&quot;animation&quot;:&quot;fadeInRight&quot;}\">\n\t\t\t<div class=\"elementor-widget-wrap elementor-element-populated\">\n\t\t\t\t\t\t<div class=\"elementor-element elementor-element-62554c5 elementor-widget elementor-widget-image\" data-id=\"62554c5\" data-element_type=\"widget\" data-e-type=\"widget\" data-widget_type=\"image.default\">\n\t\t\t\t<div class=\"elementor-widget-container\">\n\t\t\t\t\t\t\t\t\t\t\t\t\t\t\t\t<a href=\"https:\/\/www.portovenere.fr\/fr-fr\/wp-content\/uploads\/2020\/02\/Cuisine_qualit\u00e9_Allemande_style_Bois_Laque_Mate_Blanc_Soft_Lack_Manhattan_proche_de_N\u00eemes.jpg\" data-elementor-open-lightbox=\"yes\" data-elementor-lightbox-title=\"Cuisine_qualit\u00e9_Allemande_style_Bois_Laque_Mate_Blanc_Soft_Lack_Manhattan_proche_de_N\u00eemes\" data-e-action-hash=\"#elementor-action%3Aaction%3Dlightbox%26settings%3DeyJpZCI6MjYwNzEsInVybCI6Imh0dHBzOlwvXC93d3cucG9ydG92ZW5lcmUuZnJcL2ZyLWZyXC93cC1jb250ZW50XC91cGxvYWRzXC8yMDIwXC8wMlwvQ3Vpc2luZV9xdWFsaXRcdTAwZTlfQWxsZW1hbmRlX3N0eWxlX0JvaXNfTGFxdWVfTWF0ZV9CbGFuY19Tb2Z0X0xhY2tfTWFuaGF0dGFuX3Byb2NoZV9kZV9OXHUwMGVlbWVzLmpwZyJ9\">\n\t\t\t\t\t\t\t<img decoding=\"async\" width=\"768\" height=\"574\" src=\"https:\/\/www.portovenere.fr\/fr-fr\/wp-content\/uploads\/2020\/02\/Cuisine_qualit\u00e9_Allemande_style_Bois_Laque_Mate_Blanc_Soft_Lack_Manhattan_proche_de_N\u00eemes.jpg\" class=\"attachment-large size-large wp-image-26071\" alt=\"\" srcset=\"https:\/\/www.portovenere.fr\/fr-fr\/wp-content\/uploads\/2020\/02\/Cuisine_qualit\u00e9_Allemande_style_Bois_Laque_Mate_Blanc_Soft_Lack_Manhattan_proche_de_N\u00eemes.jpg 768w, https:\/\/www.portovenere.fr\/fr-fr\/wp-content\/uploads\/2020\/02\/Cuisine_qualit\u00e9_Allemande_style_Bois_Laque_Mate_Blanc_Soft_Lack_Manhattan_proche_de_N\u00eemes-300x224.jpg 300w\" sizes=\"(max-width: 768px) 100vw, 768px\" \/>\t\t\t\t\t\t\t\t<\/a>\n\t\t\t\t\t\t\t\t\t\t\t\t\t\t\t<\/div>\n\t\t\t\t<\/div>\n\t\t\t\t\t<\/div>\n\t\t<\/div>\n\t\t\t\t\t<\/div>\n\t\t<\/section>\n\t\t\t\t<section class=\"elementor-section elementor-top-section elementor-element elementor-element-0d3b7ab elementor-section-boxed elementor-section-height-default elementor-section-height-default\" data-id=\"0d3b7ab\" data-element_type=\"section\" data-e-type=\"section\">\n\t\t\t\t\t\t<div class=\"elementor-container elementor-column-gap-default\">\n\t\t\t\t\t<div class=\"elementor-column elementor-col-100 elementor-top-column elementor-element elementor-element-31887d0\" data-id=\"31887d0\" data-element_type=\"column\" data-e-type=\"column\">\n\t\t\t<div class=\"elementor-widget-wrap elementor-element-populated\">\n\t\t\t\t\t\t<div class=\"elementor-element elementor-element-efbc61a elementor-widget elementor-widget-spacer\" data-id=\"efbc61a\" data-element_type=\"widget\" data-e-type=\"widget\" data-widget_type=\"spacer.default\">\n\t\t\t\t<div class=\"elementor-widget-container\">\n\t\t\t\t\t\t\t<div class=\"elementor-spacer\">\n\t\t\t<div class=\"elementor-spacer-inner\"><\/div>\n\t\t<\/div>\n\t\t\t\t\t\t<\/div>\n\t\t\t\t<\/div>\n\t\t\t\t\t<\/div>\n\t\t<\/div>\n\t\t\t\t\t<\/div>\n\t\t<\/section>\n\t\t\t\t<section class=\"elementor-section elementor-top-section elementor-element elementor-element-9d6e921 elementor-section-boxed elementor-section-height-default elementor-section-height-default\" data-id=\"9d6e921\" data-element_type=\"section\" data-e-type=\"section\">\n\t\t\t\t\t\t<div class=\"elementor-container elementor-column-gap-default\">\n\t\t\t\t\t<div class=\"elementor-column elementor-col-100 elementor-top-column elementor-element elementor-element-c0431d4\" data-id=\"c0431d4\" data-element_type=\"column\" data-e-type=\"column\">\n\t\t\t<div class=\"elementor-widget-wrap elementor-element-populated\">\n\t\t\t\t\t\t<div class=\"elementor-element elementor-element-840e35b elementor-widget elementor-widget-heading\" data-id=\"840e35b\" data-element_type=\"widget\" data-e-type=\"widget\" data-widget_type=\"heading.default\">\n\t\t\t\t<div class=\"elementor-widget-container\">\n\t\t\t\t\t<h5 class=\"elementor-heading-title elementor-size-default\">Cuisine haut de gamme BLADE n\u00b02<\/h5>\t\t\t\t<\/div>\n\t\t\t\t<\/div>\n\t\t\t\t\t<\/div>\n\t\t<\/div>\n\t\t\t\t\t<\/div>\n\t\t<\/section>\n\t\t\t\t<section class=\"elementor-section elementor-top-section elementor-element elementor-element-e24cc84 elementor-section-stretched elementor-section-boxed elementor-section-height-default elementor-section-height-default\" data-id=\"e24cc84\" data-element_type=\"section\" data-e-type=\"section\" data-settings=\"{&quot;stretch_section&quot;:&quot;section-stretched&quot;}\">\n\t\t\t\t\t\t<div class=\"elementor-container elementor-column-gap-default\">\n\t\t\t\t\t<div class=\"elementor-column elementor-col-50 elementor-top-column elementor-element elementor-element-7ecb416\" data-id=\"7ecb416\" data-element_type=\"column\" data-e-type=\"column\">\n\t\t\t<div class=\"elementor-widget-wrap elementor-element-populated\">\n\t\t\t\t\t\t<div class=\"elementor-element elementor-element-e28fd6f elementor-widget elementor-widget-image\" data-id=\"e28fd6f\" data-element_type=\"widget\" data-e-type=\"widget\" data-widget_type=\"image.default\">\n\t\t\t\t<div class=\"elementor-widget-container\">\n\t\t\t\t\t\t\t\t\t\t\t\t\t\t\t\t<a href=\"https:\/\/www.portovenere.fr\/fr-fr\/wp-content\/uploads\/2020\/02\/Cuisine-de-luxe-Montpellier-en-bois-noyer-blanchi-beton-gris-et-laque-mate-noire-Blade-1.jpg\" data-elementor-open-lightbox=\"yes\" data-elementor-lightbox-title=\"Cuisine-de-luxe-Montpellier-en-bois-noyer-blanchi-beton-gris-et-laque-mate-noire-Blade-1\" data-e-action-hash=\"#elementor-action%3Aaction%3Dlightbox%26settings%3DeyJpZCI6MzExODMsInVybCI6Imh0dHBzOlwvXC93d3cucG9ydG92ZW5lcmUuZnJcL2ZyLWZyXC93cC1jb250ZW50XC91cGxvYWRzXC8yMDIwXC8wMlwvQ3Vpc2luZS1kZS1sdXhlLU1vbnRwZWxsaWVyLWVuLWJvaXMtbm95ZXItYmxhbmNoaS1iZXRvbi1ncmlzLWV0LWxhcXVlLW1hdGUtbm9pcmUtQmxhZGUtMS5qcGcifQ%3D%3D\">\n\t\t\t\t\t\t\t<img loading=\"lazy\" decoding=\"async\" width=\"768\" height=\"466\" src=\"https:\/\/www.portovenere.fr\/fr-fr\/wp-content\/uploads\/2020\/02\/Cuisine-de-luxe-Montpellier-en-bois-noyer-blanchi-beton-gris-et-laque-mate-noire-Blade-1-768x466.jpg\" class=\"attachment-medium_large size-medium_large wp-image-31183\" alt=\"\" srcset=\"https:\/\/www.portovenere.fr\/fr-fr\/wp-content\/uploads\/2020\/02\/Cuisine-de-luxe-Montpellier-en-bois-noyer-blanchi-beton-gris-et-laque-mate-noire-Blade-1-768x466.jpg 768w, https:\/\/www.portovenere.fr\/fr-fr\/wp-content\/uploads\/2020\/02\/Cuisine-de-luxe-Montpellier-en-bois-noyer-blanchi-beton-gris-et-laque-mate-noire-Blade-1-300x182.jpg 300w, https:\/\/www.portovenere.fr\/fr-fr\/wp-content\/uploads\/2020\/02\/Cuisine-de-luxe-Montpellier-en-bois-noyer-blanchi-beton-gris-et-laque-mate-noire-Blade-1-1024x621.jpg 1024w, https:\/\/www.portovenere.fr\/fr-fr\/wp-content\/uploads\/2020\/02\/Cuisine-de-luxe-Montpellier-en-bois-noyer-blanchi-beton-gris-et-laque-mate-noire-Blade-1.jpg 1511w\" sizes=\"(max-width: 768px) 100vw, 768px\" \/>\t\t\t\t\t\t\t\t<\/a>\n\t\t\t\t\t\t\t\t\t\t\t\t\t\t\t<\/div>\n\t\t\t\t<\/div>\n\t\t\t\t<div class=\"elementor-element elementor-element-d585f9a elementor-widget elementor-widget-text-editor\" data-id=\"d585f9a\" data-element_type=\"widget\" data-e-type=\"widget\" data-widget_type=\"text-editor.default\">\n\t\t\t\t<div class=\"elementor-widget-container\">\n\t\t\t\t\t\t\t\t\t<p>Le meuble de rangement coulisse dans l\u2019ilot central et permet de ranger des verres \u00e0 pied et des bouteilles avec une \u00e9l\u00e9gance rare. L\u2019ilot est r\u00e9alis\u00e9 en c\u00e9ramique aspect b\u00e9ton Grey Calm, mati\u00e8re tr\u00e8s r\u00e9sistante aux rayures,\u00a0 \u00e0 la chaleur et aux t\u00e2ches.<\/p>\t\t\t\t\t\t\t\t<\/div>\n\t\t\t\t<\/div>\n\t\t\t\t<div class=\"elementor-element elementor-element-3e83c1d elementor-widget elementor-widget-image\" data-id=\"3e83c1d\" data-element_type=\"widget\" data-e-type=\"widget\" data-widget_type=\"image.default\">\n\t\t\t\t<div class=\"elementor-widget-container\">\n\t\t\t\t\t\t\t\t\t\t\t\t\t\t\t\t<a href=\"https:\/\/www.portovenere.fr\/fr-fr\/wp-content\/uploads\/2020\/02\/Cuisine-de-luxe-Montpellier-en-bois-noyer-blanchi-beton-gris-et-laque-mate-noire-Porto-Venere_Blade-N\u00b02.jpg\" data-elementor-open-lightbox=\"yes\" data-elementor-lightbox-title=\"Cuisine-de-luxe-Montpellier-en-bois-noyer-blanchi-beton-gris-et-laque-mate-noire-Porto Venere_Blade-N\u00b02\" data-e-action-hash=\"#elementor-action%3Aaction%3Dlightbox%26settings%3DeyJpZCI6MzExODQsInVybCI6Imh0dHBzOlwvXC93d3cucG9ydG92ZW5lcmUuZnJcL2ZyLWZyXC93cC1jb250ZW50XC91cGxvYWRzXC8yMDIwXC8wMlwvQ3Vpc2luZS1kZS1sdXhlLU1vbnRwZWxsaWVyLWVuLWJvaXMtbm95ZXItYmxhbmNoaS1iZXRvbi1ncmlzLWV0LWxhcXVlLW1hdGUtbm9pcmUtUG9ydG8tVmVuZXJlX0JsYWRlLU5cdTAwYjAyLmpwZyJ9\">\n\t\t\t\t\t\t\t<img loading=\"lazy\" decoding=\"async\" width=\"768\" height=\"576\" src=\"https:\/\/www.portovenere.fr\/fr-fr\/wp-content\/uploads\/2020\/02\/Cuisine-de-luxe-Montpellier-en-bois-noyer-blanchi-beton-gris-et-laque-mate-noire-Porto-Venere_Blade-N\u00b02-768x576.jpg\" class=\"attachment-medium_large size-medium_large wp-image-31184\" alt=\"\" srcset=\"https:\/\/www.portovenere.fr\/fr-fr\/wp-content\/uploads\/2020\/02\/Cuisine-de-luxe-Montpellier-en-bois-noyer-blanchi-beton-gris-et-laque-mate-noire-Porto-Venere_Blade-N\u00b02-768x576.jpg 768w, https:\/\/www.portovenere.fr\/fr-fr\/wp-content\/uploads\/2020\/02\/Cuisine-de-luxe-Montpellier-en-bois-noyer-blanchi-beton-gris-et-laque-mate-noire-Porto-Venere_Blade-N\u00b02-300x225.jpg 300w, https:\/\/www.portovenere.fr\/fr-fr\/wp-content\/uploads\/2020\/02\/Cuisine-de-luxe-Montpellier-en-bois-noyer-blanchi-beton-gris-et-laque-mate-noire-Porto-Venere_Blade-N\u00b02.jpg 800w\" sizes=\"(max-width: 768px) 100vw, 768px\" \/>\t\t\t\t\t\t\t\t<\/a>\n\t\t\t\t\t\t\t\t\t\t\t\t\t\t\t<\/div>\n\t\t\t\t<\/div>\n\t\t\t\t\t<\/div>\n\t\t<\/div>\n\t\t\t\t<div class=\"elementor-column elementor-col-50 elementor-top-column elementor-element elementor-element-e702c6f elementor-invisible\" data-id=\"e702c6f\" data-element_type=\"column\" data-e-type=\"column\" data-settings=\"{&quot;background_background&quot;:&quot;classic&quot;,&quot;animation&quot;:&quot;fadeInRight&quot;,&quot;animation_delay&quot;:600}\">\n\t\t\t<div class=\"elementor-widget-wrap elementor-element-populated\">\n\t\t\t\t\t\t<div class=\"elementor-element elementor-element-7d74a08 elementor-widget elementor-widget-heading\" data-id=\"7d74a08\" data-element_type=\"widget\" data-e-type=\"widget\" data-widget_type=\"heading.default\">\n\t\t\t\t<div class=\"elementor-widget-container\">\n\t\t\t\t\t<p class=\"elementor-heading-title elementor-size-default\">S\u00e9rie PRESTIGE<\/p>\t\t\t\t<\/div>\n\t\t\t\t<\/div>\n\t\t\t\t<div class=\"elementor-element elementor-element-12a4bfd elementor-widget elementor-widget-text-editor\" data-id=\"12a4bfd\" data-element_type=\"widget\" data-e-type=\"widget\" data-widget_type=\"text-editor.default\">\n\t\t\t\t<div class=\"elementor-widget-container\">\n\t\t\t\t\t\t\t\t\t<h5 class=\"elementor-heading-title elementor-size-default elementor-inline-editing pen\" contenteditable=\"true\" data-elementor-setting-key=\"title\" data-pen-placeholder=\"\u00c9crivez ici...\">C\u00e9ramique aspect b\u00e9ton Grey Calm, Noyer Milano et Laque satin\u00e9e Dark Depth\u200b<\/h5>\t\t\t\t\t\t\t\t<\/div>\n\t\t\t\t<\/div>\n\t\t\t\t<div class=\"elementor-element elementor-element-455a488 elementor-widget elementor-widget-text-editor\" data-id=\"455a488\" data-element_type=\"widget\" data-e-type=\"widget\" data-widget_type=\"text-editor.default\">\n\t\t\t\t<div class=\"elementor-widget-container\">\n\t\t\t\t\t\t\t\t\t<p>Le plan travaill\u00e9 \u00e0 45\u00b0 fa\u00e7on \u201caile d\u2019avion\u201d d\u00e9marre de la boiserie murale assortie en noyer blanchi Milano et vient finir comme en l\u00e9vitation sur l\u2019ilot central. L\u2019\u00e9tag\u00e8re murale est en fer brut, finition tr\u00e8s tendance. La cuisine se prolonge vers le s\u00e9jour avec la gamme de meubles living Blade.<\/p>\t\t\t\t\t\t\t\t<\/div>\n\t\t\t\t<\/div>\n\t\t\t\t<div class=\"elementor-element elementor-element-7b86cc7 elementor-widget elementor-widget-image\" data-id=\"7b86cc7\" data-element_type=\"widget\" data-e-type=\"widget\" data-widget_type=\"image.default\">\n\t\t\t\t<div class=\"elementor-widget-container\">\n\t\t\t\t\t\t\t\t\t\t\t\t\t\t\t\t<a href=\"https:\/\/www.portovenere.fr\/fr-fr\/wp-content\/uploads\/2020\/02\/Cuisine-de-luxe-Montpellier-en-bois-noyer-blanchi-beton-gris-et-laque-mate-noire-Blade-3-1.jpg\" data-elementor-open-lightbox=\"yes\" data-elementor-lightbox-title=\"Cuisine-de-luxe-Montpellier-en-bois-noyer-blanchi-beton-gris-et-laque-mate-noire-Blade-3-1\" data-e-action-hash=\"#elementor-action%3Aaction%3Dlightbox%26settings%3DeyJpZCI6MzExODUsInVybCI6Imh0dHBzOlwvXC93d3cucG9ydG92ZW5lcmUuZnJcL2ZyLWZyXC93cC1jb250ZW50XC91cGxvYWRzXC8yMDIwXC8wMlwvQ3Vpc2luZS1kZS1sdXhlLU1vbnRwZWxsaWVyLWVuLWJvaXMtbm95ZXItYmxhbmNoaS1iZXRvbi1ncmlzLWV0LWxhcXVlLW1hdGUtbm9pcmUtQmxhZGUtMy0xLmpwZyJ9\">\n\t\t\t\t\t\t\t<img loading=\"lazy\" decoding=\"async\" width=\"230\" height=\"300\" src=\"https:\/\/www.portovenere.fr\/fr-fr\/wp-content\/uploads\/2020\/02\/Cuisine-de-luxe-Montpellier-en-bois-noyer-blanchi-beton-gris-et-laque-mate-noire-Blade-3-1-230x300.jpg\" class=\"attachment-medium size-medium wp-image-31185\" alt=\"\" srcset=\"https:\/\/www.portovenere.fr\/fr-fr\/wp-content\/uploads\/2020\/02\/Cuisine-de-luxe-Montpellier-en-bois-noyer-blanchi-beton-gris-et-laque-mate-noire-Blade-3-1-230x300.jpg 230w, https:\/\/www.portovenere.fr\/fr-fr\/wp-content\/uploads\/2020\/02\/Cuisine-de-luxe-Montpellier-en-bois-noyer-blanchi-beton-gris-et-laque-mate-noire-Blade-3-1.jpg 536w\" sizes=\"(max-width: 230px) 100vw, 230px\" \/>\t\t\t\t\t\t\t\t<\/a>\n\t\t\t\t\t\t\t\t\t\t\t\t\t\t\t<\/div>\n\t\t\t\t<\/div>\n\t\t\t\t<div class=\"elementor-element elementor-element-1be62d0 elementor-widget elementor-widget-text-editor\" data-id=\"1be62d0\" data-element_type=\"widget\" data-e-type=\"widget\" data-widget_type=\"text-editor.default\">\n\t\t\t\t<div class=\"elementor-widget-container\">\n\t\t\t\t\t\t\t\t\t<p>Avec ses tr\u00e8s grandes portes rentrantes de H.270 cm en aluminium alv\u00e9olaire laqu\u00e9 mat Dark Depth et leur poign\u00e9e assortie, le plan de travail avec l\u2019\u00e9vier int\u00e9gr\u00e9 et la cr\u00e9dence assortie en c\u00e9ramique Grey Calm sont ferm\u00e9s lorsque cette partie de l\u2019espace cuisine n\u2019est pas utilis\u00e9e.<\/p>\t\t\t\t\t\t\t\t<\/div>\n\t\t\t\t<\/div>\n\t\t\t\t<div class=\"elementor-element elementor-element-a1c4a52 elementor-mobile-align-center elementor-align-center elementor-widget elementor-widget-button\" data-id=\"a1c4a52\" data-element_type=\"widget\" data-e-type=\"widget\" data-widget_type=\"button.default\">\n\t\t\t\t<div class=\"elementor-widget-container\">\n\t\t\t\t\t\t\t\t\t<div class=\"elementor-button-wrapper\">\n\t\t\t\t\t<a class=\"elementor-button elementor-button-link elementor-size-sm\" href=\"https:\/\/www.portovenere.fr\/fr-fr\/cuisine\/cuisine-design-et-haut-de-gamme-a-montpellier-series-prestige\/cuisine-blade-en-noyer-blanchi-ceramique-aspect-beton-et-laque-satinee\/\">\n\t\t\t\t\t\t<span class=\"elementor-button-content-wrapper\">\n\t\t\t\t\t\t\t\t\t<span class=\"elementor-button-text\">D\u00c9COUVRIR CETTE COLLECTION<\/span>\n\t\t\t\t\t<\/span>\n\t\t\t\t\t<\/a>\n\t\t\t\t<\/div>\n\t\t\t\t\t\t\t\t<\/div>\n\t\t\t\t<\/div>\n\t\t\t\t\t<\/div>\n\t\t<\/div>\n\t\t\t\t\t<\/div>\n\t\t<\/section>\n\t\t\t\t<section class=\"elementor-section elementor-top-section elementor-element elementor-element-9d8574d elementor-section-boxed elementor-section-height-default elementor-section-height-default\" data-id=\"9d8574d\" data-element_type=\"section\" data-e-type=\"section\">\n\t\t\t\t\t\t<div class=\"elementor-container elementor-column-gap-default\">\n\t\t\t\t\t<div class=\"elementor-column elementor-col-100 elementor-top-column elementor-element elementor-element-dc1d6d7\" data-id=\"dc1d6d7\" data-element_type=\"column\" data-e-type=\"column\">\n\t\t\t<div class=\"elementor-widget-wrap elementor-element-populated\">\n\t\t\t\t\t\t<div class=\"elementor-element elementor-element-783a647 elementor-widget elementor-widget-spacer\" data-id=\"783a647\" data-element_type=\"widget\" data-e-type=\"widget\" data-widget_type=\"spacer.default\">\n\t\t\t\t<div class=\"elementor-widget-container\">\n\t\t\t\t\t\t\t<div class=\"elementor-spacer\">\n\t\t\t<div class=\"elementor-spacer-inner\"><\/div>\n\t\t<\/div>\n\t\t\t\t\t\t<\/div>\n\t\t\t\t<\/div>\n\t\t\t\t\t<\/div>\n\t\t<\/div>\n\t\t\t\t\t<\/div>\n\t\t<\/section>\n\t\t\t\t<section class=\"elementor-section elementor-top-section elementor-element elementor-element-f72f2e4 elementor-section-boxed elementor-section-height-default elementor-section-height-default\" data-id=\"f72f2e4\" data-element_type=\"section\" data-e-type=\"section\">\n\t\t\t\t\t\t<div class=\"elementor-container elementor-column-gap-default\">\n\t\t\t\t\t<div class=\"elementor-column elementor-col-100 elementor-top-column elementor-element elementor-element-73feaf3\" data-id=\"73feaf3\" data-element_type=\"column\" data-e-type=\"column\">\n\t\t\t<div class=\"elementor-widget-wrap elementor-element-populated\">\n\t\t\t\t\t\t<div class=\"elementor-element elementor-element-5bf315b elementor-widget elementor-widget-heading\" data-id=\"5bf315b\" data-element_type=\"widget\" data-e-type=\"widget\" data-widget_type=\"heading.default\">\n\t\t\t\t<div class=\"elementor-widget-container\">\n\t\t\t\t\t<h6 class=\"elementor-heading-title elementor-size-default\">Composition cuisine design : Legno 59C \/ Soft Lack 76W<\/h6>\t\t\t\t<\/div>\n\t\t\t\t<\/div>\n\t\t\t\t\t<\/div>\n\t\t<\/div>\n\t\t\t\t\t<\/div>\n\t\t<\/section>\n\t\t\t\t<section class=\"elementor-section elementor-top-section elementor-element elementor-element-82da582 elementor-section-stretched elementor-section-boxed elementor-section-height-default elementor-section-height-default\" data-id=\"82da582\" data-element_type=\"section\" data-e-type=\"section\" data-settings=\"{&quot;stretch_section&quot;:&quot;section-stretched&quot;}\">\n\t\t\t\t\t\t<div class=\"elementor-container elementor-column-gap-default\">\n\t\t\t\t\t<div class=\"elementor-column elementor-col-33 elementor-top-column elementor-element elementor-element-0f11b0e\" data-id=\"0f11b0e\" data-element_type=\"column\" data-e-type=\"column\">\n\t\t\t<div class=\"elementor-widget-wrap elementor-element-populated\">\n\t\t\t\t\t\t<div class=\"elementor-element elementor-element-59823d3 elementor-hidden-phone elementor-widget elementor-widget-image\" data-id=\"59823d3\" data-element_type=\"widget\" data-e-type=\"widget\" data-widget_type=\"image.default\">\n\t\t\t\t<div class=\"elementor-widget-container\">\n\t\t\t\t\t\t\t\t\t\t\t\t\t\t\t\t<a href=\"https:\/\/www.portovenere.fr\/fr-fr\/wp-content\/uploads\/2020\/02\/Cuisine_Moderne_Laque_Blanche_Mate_Bois_Chene_Champagne__Legno_59C_Soft_Lack_76W_Montpellier_1.jpg\" data-elementor-open-lightbox=\"yes\" data-elementor-lightbox-title=\"Cuisine_Moderne_Laque_Blanche_Mate_Bois_Chene_Champagne__Legno_59C_Soft_Lack_76W_Montpellier_1\" data-e-action-hash=\"#elementor-action%3Aaction%3Dlightbox%26settings%3DeyJpZCI6MjYwNjksInVybCI6Imh0dHBzOlwvXC93d3cucG9ydG92ZW5lcmUuZnJcL2ZyLWZyXC93cC1jb250ZW50XC91cGxvYWRzXC8yMDIwXC8wMlwvQ3Vpc2luZV9Nb2Rlcm5lX0xhcXVlX0JsYW5jaGVfTWF0ZV9Cb2lzX0NoZW5lX0NoYW1wYWduZV9fTGVnbm9fNTlDX1NvZnRfTGFja183NldfTW9udHBlbGxpZXJfMS5qcGcifQ%3D%3D\">\n\t\t\t\t\t\t\t<img loading=\"lazy\" decoding=\"async\" width=\"300\" height=\"196\" src=\"https:\/\/www.portovenere.fr\/fr-fr\/wp-content\/uploads\/2020\/02\/Cuisine_Moderne_Laque_Blanche_Mate_Bois_Chene_Champagne__Legno_59C_Soft_Lack_76W_Montpellier_1-300x196.jpg\" class=\"attachment-medium size-medium wp-image-26069\" alt=\"\" srcset=\"https:\/\/www.portovenere.fr\/fr-fr\/wp-content\/uploads\/2020\/02\/Cuisine_Moderne_Laque_Blanche_Mate_Bois_Chene_Champagne__Legno_59C_Soft_Lack_76W_Montpellier_1-300x196.jpg 300w, https:\/\/www.portovenere.fr\/fr-fr\/wp-content\/uploads\/2020\/02\/Cuisine_Moderne_Laque_Blanche_Mate_Bois_Chene_Champagne__Legno_59C_Soft_Lack_76W_Montpellier_1-1024x670.jpg 1024w, https:\/\/www.portovenere.fr\/fr-fr\/wp-content\/uploads\/2020\/02\/Cuisine_Moderne_Laque_Blanche_Mate_Bois_Chene_Champagne__Legno_59C_Soft_Lack_76W_Montpellier_1-768x502.jpg 768w, https:\/\/www.portovenere.fr\/fr-fr\/wp-content\/uploads\/2020\/02\/Cuisine_Moderne_Laque_Blanche_Mate_Bois_Chene_Champagne__Legno_59C_Soft_Lack_76W_Montpellier_1.jpg 1240w\" sizes=\"(max-width: 300px) 100vw, 300px\" \/>\t\t\t\t\t\t\t\t<\/a>\n\t\t\t\t\t\t\t\t\t\t\t\t\t\t\t<\/div>\n\t\t\t\t<\/div>\n\t\t\t\t\t<\/div>\n\t\t<\/div>\n\t\t\t\t<div class=\"elementor-column elementor-col-33 elementor-top-column elementor-element elementor-element-f819dd4\" data-id=\"f819dd4\" data-element_type=\"column\" data-e-type=\"column\">\n\t\t\t<div class=\"elementor-widget-wrap elementor-element-populated\">\n\t\t\t\t\t\t<div class=\"elementor-element elementor-element-0d63eb1 elementor-widget elementor-widget-image\" data-id=\"0d63eb1\" data-element_type=\"widget\" data-e-type=\"widget\" data-widget_type=\"image.default\">\n\t\t\t\t<div class=\"elementor-widget-container\">\n\t\t\t\t\t\t\t\t\t\t\t\t\t\t\t\t<a href=\"https:\/\/www.portovenere.fr\/fr-fr\/wp-content\/uploads\/2020\/02\/Cuisine_Moderne_Laque_Blanche_Mate_Bois_Chene_Champagne_Nolte_Legno_59C_Soft_Lack_76W_Montpellier_2.jpg\" data-elementor-open-lightbox=\"yes\" data-elementor-lightbox-title=\"Cuisine_Moderne_Laque_Blanche_Mate_Bois_Chene_Champagne_Nolte_Legno_59C_Soft_Lack_76W_Montpellier_2\" data-e-action-hash=\"#elementor-action%3Aaction%3Dlightbox%26settings%3DeyJpZCI6MjYwNzAsInVybCI6Imh0dHBzOlwvXC93d3cucG9ydG92ZW5lcmUuZnJcL2ZyLWZyXC93cC1jb250ZW50XC91cGxvYWRzXC8yMDIwXC8wMlwvQ3Vpc2luZV9Nb2Rlcm5lX0xhcXVlX0JsYW5jaGVfTWF0ZV9Cb2lzX0NoZW5lX0NoYW1wYWduZV9Ob2x0ZV9MZWdub181OUNfU29mdF9MYWNrXzc2V19Nb250cGVsbGllcl8yLmpwZyJ9\">\n\t\t\t\t\t\t\t<img loading=\"lazy\" decoding=\"async\" width=\"800\" height=\"523\" src=\"https:\/\/www.portovenere.fr\/fr-fr\/wp-content\/uploads\/2020\/02\/Cuisine_Moderne_Laque_Blanche_Mate_Bois_Chene_Champagne_Nolte_Legno_59C_Soft_Lack_76W_Montpellier_2-1024x669.jpg\" class=\"attachment-large size-large wp-image-26070\" alt=\"\" srcset=\"https:\/\/www.portovenere.fr\/fr-fr\/wp-content\/uploads\/2020\/02\/Cuisine_Moderne_Laque_Blanche_Mate_Bois_Chene_Champagne_Nolte_Legno_59C_Soft_Lack_76W_Montpellier_2-1024x669.jpg 1024w, https:\/\/www.portovenere.fr\/fr-fr\/wp-content\/uploads\/2020\/02\/Cuisine_Moderne_Laque_Blanche_Mate_Bois_Chene_Champagne_Nolte_Legno_59C_Soft_Lack_76W_Montpellier_2-300x196.jpg 300w, https:\/\/www.portovenere.fr\/fr-fr\/wp-content\/uploads\/2020\/02\/Cuisine_Moderne_Laque_Blanche_Mate_Bois_Chene_Champagne_Nolte_Legno_59C_Soft_Lack_76W_Montpellier_2-768x502.jpg 768w, https:\/\/www.portovenere.fr\/fr-fr\/wp-content\/uploads\/2020\/02\/Cuisine_Moderne_Laque_Blanche_Mate_Bois_Chene_Champagne_Nolte_Legno_59C_Soft_Lack_76W_Montpellier_2.jpg 1240w\" sizes=\"(max-width: 800px) 100vw, 800px\" \/>\t\t\t\t\t\t\t\t<\/a>\n\t\t\t\t\t\t\t\t\t\t\t\t\t\t\t<\/div>\n\t\t\t\t<\/div>\n\t\t\t\t\t<\/div>\n\t\t<\/div>\n\t\t\t\t<div class=\"elementor-column elementor-col-33 elementor-top-column elementor-element elementor-element-200388c elementor-invisible\" data-id=\"200388c\" data-element_type=\"column\" data-e-type=\"column\" data-settings=\"{&quot;background_background&quot;:&quot;classic&quot;,&quot;animation&quot;:&quot;fadeInRight&quot;,&quot;animation_delay&quot;:600}\">\n\t\t\t<div class=\"elementor-widget-wrap elementor-element-populated\">\n\t\t\t\t\t\t<div class=\"elementor-element elementor-element-d2e906b elementor-widget elementor-widget-text-editor\" data-id=\"d2e906b\" data-element_type=\"widget\" data-e-type=\"widget\" data-widget_type=\"text-editor.default\">\n\t\t\t\t<div class=\"elementor-widget-container\">\n\t\t\t\t\t\t\t\t\t<p>S\u00e9rie PREMIUM<\/p>\t\t\t\t\t\t\t\t<\/div>\n\t\t\t\t<\/div>\n\t\t\t\t<div class=\"elementor-element elementor-element-dd20be8 elementor-widget elementor-widget-text-editor\" data-id=\"dd20be8\" data-element_type=\"widget\" data-e-type=\"widget\" data-widget_type=\"text-editor.default\">\n\t\t\t\t<div class=\"elementor-widget-container\">\n\t\t\t\t\t\t\t\t\t<p>Pour cette <b>cuisine moderne<\/b> et \u00e9l\u00e9gante, la fa\u00e7ade en laque mate blanche se combine \u00e0 la perfection au charme naturel du bois. Les <b>\u00e9tag\u00e8res suspendues<\/b> donnent de la perspective \u00e0 la pi\u00e8ce, les <b>armoires hautes<\/b> laissent appara\u00eetre le four et la machine \u00e0 caf\u00e9 encastr\u00e9s, et cachent le r\u00e9frig\u00e9rateur et cong\u00e9lateur.<\/p><p>Une fois de plus, la cuisine Legno 59c\/ Soft Lack 76W nous surprend par son association de mat\u00e9riaux et ses disposition pratiques.<\/p>\t\t\t\t\t\t\t\t<\/div>\n\t\t\t\t<\/div>\n\t\t\t\t<div class=\"elementor-element elementor-element-1ba8bf6 elementor-mobile-align-center elementor-widget elementor-widget-button\" data-id=\"1ba8bf6\" data-element_type=\"widget\" data-e-type=\"widget\" data-widget_type=\"button.default\">\n\t\t\t\t<div class=\"elementor-widget-container\">\n\t\t\t\t\t\t\t\t\t<div class=\"elementor-button-wrapper\">\n\t\t\t\t\t<a class=\"elementor-button elementor-button-link elementor-size-sm\" href=\"https:\/\/www.portovenere.fr\/fr-fr\/contact\/\">\n\t\t\t\t\t\t<span class=\"elementor-button-content-wrapper\">\n\t\t\t\t\t\t\t\t\t<span class=\"elementor-button-text\">En savoir +<\/span>\n\t\t\t\t\t<\/span>\n\t\t\t\t\t<\/a>\n\t\t\t\t<\/div>\n\t\t\t\t\t\t\t\t<\/div>\n\t\t\t\t<\/div>\n\t\t\t\t\t<\/div>\n\t\t<\/div>\n\t\t\t\t\t<\/div>\n\t\t<\/section>\n\t\t\t\t<section class=\"elementor-section elementor-top-section elementor-element elementor-element-906f339 elementor-section-stretched elementor-section-boxed elementor-section-height-default elementor-section-height-default\" data-id=\"906f339\" data-element_type=\"section\" data-e-type=\"section\" data-settings=\"{&quot;stretch_section&quot;:&quot;section-stretched&quot;}\">\n\t\t\t\t\t\t<div class=\"elementor-container elementor-column-gap-default\">\n\t\t\t\t\t<div class=\"elementor-column elementor-col-16 elementor-top-column elementor-element elementor-element-d128302\" data-id=\"d128302\" data-element_type=\"column\" data-e-type=\"column\">\n\t\t\t<div class=\"elementor-widget-wrap\">\n\t\t\t\t\t\t\t<\/div>\n\t\t<\/div>\n\t\t\t\t<div class=\"elementor-column elementor-col-66 elementor-top-column elementor-element elementor-element-928f13a\" data-id=\"928f13a\" data-element_type=\"column\" data-e-type=\"column\">\n\t\t\t<div class=\"elementor-widget-wrap elementor-element-populated\">\n\t\t\t\t\t\t<div class=\"elementor-element elementor-element-8700a39 elementor-widget elementor-widget-text-editor\" data-id=\"8700a39\" data-element_type=\"widget\" data-e-type=\"widget\" data-widget_type=\"text-editor.default\">\n\t\t\t\t<div class=\"elementor-widget-container\">\n\t\t\t\t\t\t\t\t\t<p><i>Porto Venere propose plus globalement l&rsquo;ensemble des produits et mobiliers pour am\u00e9nager vos espaces de vie :&nbsp;<\/i><i>carrelage, parquet, luminaires, biblioth\u00e8que, living, canap\u00e9,&nbsp;<\/i><i>salle de bain&#8230; Nos experts par secteur vous conseillent et accompagnent sur votre projet afin de le penser &amp; r\u00e9aliser dans son ensemble.&nbsp;<\/i><a href=\"https:\/\/www.portovenere.fr\/fr-fr\/contact\/\" target=\"_blank\" rel=\"noopener\" style=\"background-color: rgb(255, 255, 255);\"><u><i>Contactez-nous<\/i><\/u><\/a><i>&nbsp;pour de plus amples renseignements.<\/i><\/p>\t\t\t\t\t\t\t\t<\/div>\n\t\t\t\t<\/div>\n\t\t\t\t\t<\/div>\n\t\t<\/div>\n\t\t\t\t<div class=\"elementor-column elementor-col-16 elementor-top-column elementor-element elementor-element-f7d5976\" data-id=\"f7d5976\" data-element_type=\"column\" data-e-type=\"column\">\n\t\t\t<div class=\"elementor-widget-wrap\">\n\t\t\t\t\t\t\t<\/div>\n\t\t<\/div>\n\t\t\t\t\t<\/div>\n\t\t<\/section>\n\t\t\t\t<section class=\"elementor-section elementor-top-section elementor-element elementor-element-df51278 elementor-section-stretched elementor-section-boxed elementor-section-height-default elementor-section-height-default\" data-id=\"df51278\" data-element_type=\"section\" data-e-type=\"section\" data-settings=\"{&quot;stretch_section&quot;:&quot;section-stretched&quot;}\">\n\t\t\t\t\t\t<div class=\"elementor-container elementor-column-gap-default\">\n\t\t\t\t\t<div class=\"elementor-column elementor-col-100 elementor-top-column elementor-element elementor-element-65c8b15\" data-id=\"65c8b15\" data-element_type=\"column\" data-e-type=\"column\">\n\t\t\t<div class=\"elementor-widget-wrap elementor-element-populated\">\n\t\t\t\t\t\t<div class=\"elementor-element elementor-element-8c76cb0 elementor-mobile-align-center elementor-align-center elementor-widget elementor-widget-button\" data-id=\"8c76cb0\" data-element_type=\"widget\" data-e-type=\"widget\" data-widget_type=\"button.default\">\n\t\t\t\t<div class=\"elementor-widget-container\">\n\t\t\t\t\t\t\t\t\t<div class=\"elementor-button-wrapper\">\n\t\t\t\t\t<a class=\"elementor-button elementor-button-link elementor-size-lg\" href=\"https:\/\/www.portovenere.fr\/fr-fr\/cuisine\/\">\n\t\t\t\t\t\t<span class=\"elementor-button-content-wrapper\">\n\t\t\t\t\t\t\t\t\t<span class=\"elementor-button-text\">D\u00e9couvrir l'univers cuisine<\/span>\n\t\t\t\t\t<\/span>\n\t\t\t\t\t<\/a>\n\t\t\t\t<\/div>\n\t\t\t\t\t\t\t\t<\/div>\n\t\t\t\t<\/div>\n\t\t\t\t\t<\/div>\n\t\t<\/div>\n\t\t\t\t\t<\/div>\n\t\t<\/section>\n\t\t\t\t<section class=\"elementor-section elementor-top-section elementor-element elementor-element-215d92d3 elementor-section-stretched elementor-section-boxed elementor-section-height-default elementor-section-height-default\" data-id=\"215d92d3\" data-element_type=\"section\" data-e-type=\"section\" data-settings=\"{&quot;stretch_section&quot;:&quot;section-stretched&quot;,&quot;background_background&quot;:&quot;classic&quot;}\">\n\t\t\t\t\t\t<div class=\"elementor-container elementor-column-gap-default\">\n\t\t\t\t\t<div class=\"elementor-column elementor-col-100 elementor-top-column elementor-element elementor-element-25ba29b6\" data-id=\"25ba29b6\" data-element_type=\"column\" data-e-type=\"column\">\n\t\t\t<div class=\"elementor-widget-wrap elementor-element-populated\">\n\t\t\t\t\t\t<div class=\"elementor-element elementor-element-aacaef7 elementor-widget-divider--view-line elementor-widget elementor-widget-divider\" data-id=\"aacaef7\" data-element_type=\"widget\" data-e-type=\"widget\" data-widget_type=\"divider.default\">\n\t\t\t\t<div class=\"elementor-widget-container\">\n\t\t\t\t\t\t\t<div class=\"elementor-divider\">\n\t\t\t<span class=\"elementor-divider-separator\">\n\t\t\t\t\t\t<\/span>\n\t\t<\/div>\n\t\t\t\t\t\t<\/div>\n\t\t\t\t<\/div>\n\t\t\t\t<div class=\"elementor-element elementor-element-75c78b37 elementor-widget elementor-widget-heading\" data-id=\"75c78b37\" data-element_type=\"widget\" data-e-type=\"widget\" data-widget_type=\"heading.default\">\n\t\t\t\t<div class=\"elementor-widget-container\">\n\t\t\t\t\t<h5 class=\"elementor-heading-title elementor-size-large\"><a href=\"#partager\">Partager<\/a><\/h5>\t\t\t\t<\/div>\n\t\t\t\t<\/div>\n\t\t\t\t<div class=\"elementor-element elementor-element-2de5efa2 elementor-share-buttons--skin-minimal elementor-share-buttons--shape-circle elementor-share-buttons--view-icon-text elementor-grid-0 elementor-share-buttons--color-official elementor-widget elementor-widget-share-buttons\" data-id=\"2de5efa2\" data-element_type=\"widget\" data-e-type=\"widget\" data-widget_type=\"share-buttons.default\">\n\t\t\t\t<div class=\"elementor-widget-container\">\n\t\t\t\t\t\t\t<div class=\"elementor-grid\" role=\"list\">\n\t\t\t\t\t\t\t\t<div class=\"elementor-grid-item\" role=\"listitem\">\n\t\t\t\t\t\t<div class=\"elementor-share-btn elementor-share-btn_facebook\" role=\"button\" tabindex=\"0\" aria-label=\"Partager sur facebook\">\n\t\t\t\t\t\t\t\t\t\t\t\t\t\t\t<span class=\"elementor-share-btn__icon\">\n\t\t\t\t\t\t\t\t<svg aria-hidden=\"true\" class=\"e-font-icon-svg e-fab-facebook\" viewBox=\"0 0 512 512\" xmlns=\"http:\/\/www.w3.org\/2000\/svg\"><path d=\"M504 256C504 119 393 8 256 8S8 119 8 256c0 123.78 90.69 226.38 209.25 245V327.69h-63V256h63v-54.64c0-62.15 37-96.48 93.67-96.48 27.14 0 55.52 4.84 55.52 4.84v61h-31.28c-30.8 0-40.41 19.12-40.41 38.73V256h68.78l-11 71.69h-57.78V501C413.31 482.38 504 379.78 504 256z\"><\/path><\/svg>\t\t\t\t\t\t\t<\/span>\n\t\t\t\t\t\t\t\t\t\t\t\t\t\t\t\t\t\t\t\t\t\t<div class=\"elementor-share-btn__text\">\n\t\t\t\t\t\t\t\t\t\t\t\t\t\t\t\t\t\t\t<span class=\"elementor-share-btn__title\">\n\t\t\t\t\t\t\t\t\t\tFacebook\t\t\t\t\t\t\t\t\t<\/span>\n\t\t\t\t\t\t\t\t\t\t\t\t\t\t\t\t\t<\/div>\n\t\t\t\t\t\t\t\t\t\t\t\t\t<\/div>\n\t\t\t\t\t<\/div>\n\t\t\t\t\t\t\t\t\t<div class=\"elementor-grid-item\" role=\"listitem\">\n\t\t\t\t\t\t<div class=\"elementor-share-btn elementor-share-btn_pinterest\" role=\"button\" tabindex=\"0\" aria-label=\"Partager sur pinterest\">\n\t\t\t\t\t\t\t\t\t\t\t\t\t\t\t<span class=\"elementor-share-btn__icon\">\n\t\t\t\t\t\t\t\t<svg aria-hidden=\"true\" class=\"e-font-icon-svg e-fab-pinterest\" viewBox=\"0 0 496 512\" xmlns=\"http:\/\/www.w3.org\/2000\/svg\"><path d=\"M496 256c0 137-111 248-248 248-25.6 0-50.2-3.9-73.4-11.1 10.1-16.5 25.2-43.5 30.8-65 3-11.6 15.4-59 15.4-59 8.1 15.4 31.7 28.5 56.8 28.5 74.8 0 128.7-68.8 128.7-154.3 0-81.9-66.9-143.2-152.9-143.2-107 0-163.9 71.8-163.9 150.1 0 36.4 19.4 81.7 50.3 96.1 4.7 2.2 7.2 1.2 8.3-3.3.8-3.4 5-20.3 6.9-28.1.6-2.5.3-4.7-1.7-7.1-10.1-12.5-18.3-35.3-18.3-56.6 0-54.7 41.4-107.6 112-107.6 60.9 0 103.6 41.5 103.6 100.9 0 67.1-33.9 113.6-78 113.6-24.3 0-42.6-20.1-36.7-44.8 7-29.5 20.5-61.3 20.5-82.6 0-19-10.2-34.9-31.4-34.9-24.9 0-44.9 25.7-44.9 60.2 0 22 7.4 36.8 7.4 36.8s-24.5 103.8-29 123.2c-5 21.4-3 51.6-.9 71.2C65.4 450.9 0 361.1 0 256 0 119 111 8 248 8s248 111 248 248z\"><\/path><\/svg>\t\t\t\t\t\t\t<\/span>\n\t\t\t\t\t\t\t\t\t\t\t\t\t\t\t\t\t\t\t\t\t\t<div class=\"elementor-share-btn__text\">\n\t\t\t\t\t\t\t\t\t\t\t\t\t\t\t\t\t\t\t<span class=\"elementor-share-btn__title\">\n\t\t\t\t\t\t\t\t\t\tPinterest\t\t\t\t\t\t\t\t\t<\/span>\n\t\t\t\t\t\t\t\t\t\t\t\t\t\t\t\t\t<\/div>\n\t\t\t\t\t\t\t\t\t\t\t\t\t<\/div>\n\t\t\t\t\t<\/div>\n\t\t\t\t\t\t\t\t\t<div class=\"elementor-grid-item\" role=\"listitem\">\n\t\t\t\t\t\t<div class=\"elementor-share-btn elementor-share-btn_linkedin\" role=\"button\" tabindex=\"0\" aria-label=\"Partager sur linkedin\">\n\t\t\t\t\t\t\t\t\t\t\t\t\t\t\t<span class=\"elementor-share-btn__icon\">\n\t\t\t\t\t\t\t\t<svg aria-hidden=\"true\" class=\"e-font-icon-svg e-fab-linkedin\" viewBox=\"0 0 448 512\" xmlns=\"http:\/\/www.w3.org\/2000\/svg\"><path d=\"M416 32H31.9C14.3 32 0 46.5 0 64.3v383.4C0 465.5 14.3 480 31.9 480H416c17.6 0 32-14.5 32-32.3V64.3c0-17.8-14.4-32.3-32-32.3zM135.4 416H69V202.2h66.5V416zm-33.2-243c-21.3 0-38.5-17.3-38.5-38.5S80.9 96 102.2 96c21.2 0 38.5 17.3 38.5 38.5 0 21.3-17.2 38.5-38.5 38.5zm282.1 243h-66.4V312c0-24.8-.5-56.7-34.5-56.7-34.6 0-39.9 27-39.9 54.9V416h-66.4V202.2h63.7v29.2h.9c8.9-16.8 30.6-34.5 62.9-34.5 67.2 0 79.7 44.3 79.7 101.9V416z\"><\/path><\/svg>\t\t\t\t\t\t\t<\/span>\n\t\t\t\t\t\t\t\t\t\t\t\t\t\t\t\t\t\t\t\t\t\t<div class=\"elementor-share-btn__text\">\n\t\t\t\t\t\t\t\t\t\t\t\t\t\t\t\t\t\t\t<span class=\"elementor-share-btn__title\">\n\t\t\t\t\t\t\t\t\t\tLinkedIn\t\t\t\t\t\t\t\t\t<\/span>\n\t\t\t\t\t\t\t\t\t\t\t\t\t\t\t\t\t<\/div>\n\t\t\t\t\t\t\t\t\t\t\t\t\t<\/div>\n\t\t\t\t\t<\/div>\n\t\t\t\t\t\t\t\t\t<div class=\"elementor-grid-item\" role=\"listitem\">\n\t\t\t\t\t\t<div class=\"elementor-share-btn elementor-share-btn_whatsapp\" role=\"button\" tabindex=\"0\" aria-label=\"Partager sur whatsapp\">\n\t\t\t\t\t\t\t\t\t\t\t\t\t\t\t<span class=\"elementor-share-btn__icon\">\n\t\t\t\t\t\t\t\t<svg aria-hidden=\"true\" class=\"e-font-icon-svg e-fab-whatsapp\" viewBox=\"0 0 448 512\" xmlns=\"http:\/\/www.w3.org\/2000\/svg\"><path d=\"M380.9 97.1C339 55.1 283.2 32 223.9 32c-122.4 0-222 99.6-222 222 0 39.1 10.2 77.3 29.6 111L0 480l117.7-30.9c32.4 17.7 68.9 27 106.1 27h.1c122.3 0 224.1-99.6 224.1-222 0-59.3-25.2-115-67.1-157zm-157 341.6c-33.2 0-65.7-8.9-94-25.7l-6.7-4-69.8 18.3L72 359.2l-4.4-7c-18.5-29.4-28.2-63.3-28.2-98.2 0-101.7 82.8-184.5 184.6-184.5 49.3 0 95.6 19.2 130.4 54.1 34.8 34.9 56.2 81.2 56.1 130.5 0 101.8-84.9 184.6-186.6 184.6zm101.2-138.2c-5.5-2.8-32.8-16.2-37.9-18-5.1-1.9-8.8-2.8-12.5 2.8-3.7 5.6-14.3 18-17.6 21.8-3.2 3.7-6.5 4.2-12 1.4-32.6-16.3-54-29.1-75.5-66-5.7-9.8 5.7-9.1 16.3-30.3 1.8-3.7.9-6.9-.5-9.7-1.4-2.8-12.5-30.1-17.1-41.2-4.5-10.8-9.1-9.3-12.5-9.5-3.2-.2-6.9-.2-10.6-.2-3.7 0-9.7 1.4-14.8 6.9-5.1 5.6-19.4 19-19.4 46.3 0 27.3 19.9 53.7 22.6 57.4 2.8 3.7 39.1 59.7 94.8 83.8 35.2 15.2 49 16.5 66.6 13.9 10.7-1.6 32.8-13.4 37.4-26.4 4.6-13 4.6-24.1 3.2-26.4-1.3-2.5-5-3.9-10.5-6.6z\"><\/path><\/svg>\t\t\t\t\t\t\t<\/span>\n\t\t\t\t\t\t\t\t\t\t\t\t\t\t\t\t\t\t\t\t\t\t<div class=\"elementor-share-btn__text\">\n\t\t\t\t\t\t\t\t\t\t\t\t\t\t\t\t\t\t\t<span class=\"elementor-share-btn__title\">\n\t\t\t\t\t\t\t\t\t\tWhatsApp\t\t\t\t\t\t\t\t\t<\/span>\n\t\t\t\t\t\t\t\t\t\t\t\t\t\t\t\t\t<\/div>\n\t\t\t\t\t\t\t\t\t\t\t\t\t<\/div>\n\t\t\t\t\t<\/div>\n\t\t\t\t\t\t\t\t\t<div class=\"elementor-grid-item\" role=\"listitem\">\n\t\t\t\t\t\t<div class=\"elementor-share-btn elementor-share-btn_twitter\" role=\"button\" tabindex=\"0\" aria-label=\"Partager sur twitter\">\n\t\t\t\t\t\t\t\t\t\t\t\t\t\t\t<span class=\"elementor-share-btn__icon\">\n\t\t\t\t\t\t\t\t<svg aria-hidden=\"true\" class=\"e-font-icon-svg e-fab-twitter\" viewBox=\"0 0 512 512\" xmlns=\"http:\/\/www.w3.org\/2000\/svg\"><path d=\"M459.37 151.716c.325 4.548.325 9.097.325 13.645 0 138.72-105.583 298.558-298.558 298.558-59.452 0-114.68-17.219-161.137-47.106 8.447.974 16.568 1.299 25.34 1.299 49.055 0 94.213-16.568 130.274-44.832-46.132-.975-84.792-31.188-98.112-72.772 6.498.974 12.995 1.624 19.818 1.624 9.421 0 18.843-1.3 27.614-3.573-48.081-9.747-84.143-51.98-84.143-102.985v-1.299c13.969 7.797 30.214 12.67 47.431 13.319-28.264-18.843-46.781-51.005-46.781-87.391 0-19.492 5.197-37.36 14.294-52.954 51.655 63.675 129.3 105.258 216.365 109.807-1.624-7.797-2.599-15.918-2.599-24.04 0-57.828 46.782-104.934 104.934-104.934 30.213 0 57.502 12.67 76.67 33.137 23.715-4.548 46.456-13.32 66.599-25.34-7.798 24.366-24.366 44.833-46.132 57.827 21.117-2.273 41.584-8.122 60.426-16.243-14.292 20.791-32.161 39.308-52.628 54.253z\"><\/path><\/svg>\t\t\t\t\t\t\t<\/span>\n\t\t\t\t\t\t\t\t\t\t\t\t\t\t\t\t\t\t\t\t\t\t<div class=\"elementor-share-btn__text\">\n\t\t\t\t\t\t\t\t\t\t\t\t\t\t\t\t\t\t\t<span class=\"elementor-share-btn__title\">\n\t\t\t\t\t\t\t\t\t\tTwitter\t\t\t\t\t\t\t\t\t<\/span>\n\t\t\t\t\t\t\t\t\t\t\t\t\t\t\t\t\t<\/div>\n\t\t\t\t\t\t\t\t\t\t\t\t\t<\/div>\n\t\t\t\t\t<\/div>\n\t\t\t\t\t\t\t\t\t<div class=\"elementor-grid-item\" role=\"listitem\">\n\t\t\t\t\t\t<div class=\"elementor-share-btn elementor-share-btn_email\" role=\"button\" tabindex=\"0\" aria-label=\"Partager sur email\">\n\t\t\t\t\t\t\t\t\t\t\t\t\t\t\t<span class=\"elementor-share-btn__icon\">\n\t\t\t\t\t\t\t\t<svg aria-hidden=\"true\" class=\"e-font-icon-svg e-fas-envelope\" viewBox=\"0 0 512 512\" xmlns=\"http:\/\/www.w3.org\/2000\/svg\"><path d=\"M502.3 190.8c3.9-3.1 9.7-.2 9.7 4.7V400c0 26.5-21.5 48-48 48H48c-26.5 0-48-21.5-48-48V195.6c0-5 5.7-7.8 9.7-4.7 22.4 17.4 52.1 39.5 154.1 113.6 21.1 15.4 56.7 47.8 92.2 47.6 35.7.3 72-32.8 92.3-47.6 102-74.1 131.6-96.3 154-113.7zM256 320c23.2.4 56.6-29.2 73.4-41.4 132.7-96.3 142.8-104.7 173.4-128.7 5.8-4.5 9.2-11.5 9.2-18.9v-19c0-26.5-21.5-48-48-48H48C21.5 64 0 85.5 0 112v19c0 7.4 3.4 14.3 9.2 18.9 30.6 23.9 40.7 32.4 173.4 128.7 16.8 12.2 50.2 41.8 73.4 41.4z\"><\/path><\/svg>\t\t\t\t\t\t\t<\/span>\n\t\t\t\t\t\t\t\t\t\t\t\t\t\t\t\t\t\t\t\t\t\t<div class=\"elementor-share-btn__text\">\n\t\t\t\t\t\t\t\t\t\t\t\t\t\t\t\t\t\t\t<span class=\"elementor-share-btn__title\">\n\t\t\t\t\t\t\t\t\t\tEmail\t\t\t\t\t\t\t\t\t<\/span>\n\t\t\t\t\t\t\t\t\t\t\t\t\t\t\t\t\t<\/div>\n\t\t\t\t\t\t\t\t\t\t\t\t\t<\/div>\n\t\t\t\t\t<\/div>\n\t\t\t\t\t\t\t\t\t<div class=\"elementor-grid-item\" role=\"listitem\">\n\t\t\t\t\t\t<div class=\"elementor-share-btn elementor-share-btn_print\" role=\"button\" tabindex=\"0\" aria-label=\"Partager sur print\">\n\t\t\t\t\t\t\t\t\t\t\t\t\t\t\t<span class=\"elementor-share-btn__icon\">\n\t\t\t\t\t\t\t\t<svg aria-hidden=\"true\" class=\"e-font-icon-svg e-fas-print\" viewBox=\"0 0 512 512\" xmlns=\"http:\/\/www.w3.org\/2000\/svg\"><path d=\"M448 192V77.25c0-8.49-3.37-16.62-9.37-22.63L393.37 9.37c-6-6-14.14-9.37-22.63-9.37H96C78.33 0 64 14.33 64 32v160c-35.35 0-64 28.65-64 64v112c0 8.84 7.16 16 16 16h48v96c0 17.67 14.33 32 32 32h320c17.67 0 32-14.33 32-32v-96h48c8.84 0 16-7.16 16-16V256c0-35.35-28.65-64-64-64zm-64 256H128v-96h256v96zm0-224H128V64h192v48c0 8.84 7.16 16 16 16h48v96zm48 72c-13.25 0-24-10.75-24-24 0-13.26 10.75-24 24-24s24 10.74 24 24c0 13.25-10.75 24-24 24z\"><\/path><\/svg>\t\t\t\t\t\t\t<\/span>\n\t\t\t\t\t\t\t\t\t\t\t\t\t\t\t\t\t\t\t\t\t\t<div class=\"elementor-share-btn__text\">\n\t\t\t\t\t\t\t\t\t\t\t\t\t\t\t\t\t\t\t<span class=\"elementor-share-btn__title\">\n\t\t\t\t\t\t\t\t\t\tImprimer\t\t\t\t\t\t\t\t\t<\/span>\n\t\t\t\t\t\t\t\t\t\t\t\t\t\t\t\t\t<\/div>\n\t\t\t\t\t\t\t\t\t\t\t\t\t<\/div>\n\t\t\t\t\t<\/div>\n\t\t\t\t\t\t<\/div>\n\t\t\t\t\t\t<\/div>\n\t\t\t\t<\/div>\n\t\t\t\t<div class=\"elementor-element elementor-element-2863d3e0 elementor-widget elementor-widget-facebook-button\" data-id=\"2863d3e0\" data-element_type=\"widget\" data-e-type=\"widget\" data-widget_type=\"facebook-button.default\">\n\t\t\t\t<div class=\"elementor-widget-container\">\n\t\t\t\t\t\t\t<div data-layout=\"standard\" data-colorscheme=\"light\" data-size=\"small\" data-show-faces=\"false\" class=\"elementor-facebook-widget fb-like\" data-href=\"https:\/\/www.portovenere.fr\/fr-fr?p=26067\" data-share=\"false\" data-action=\"like\"><\/div>\n\t\t\t\t\t\t<\/div>\n\t\t\t\t<\/div>\n\t\t\t\t\t<\/div>\n\t\t<\/div>\n\t\t\t\t\t<\/div>\n\t\t<\/section>\n\t\t\t\t<\/div>\n\t\t","protected":false},"excerpt":{"rendered":"<p>Un duo gagnant : associer bois et laque dans votre cuisine Porto Venere, votre cuisiniste haut de gamme \u00e0 Montpellier vous propose des collections \u00e9l\u00e9gantes et de tr\u00e8s belle qualit\u00e9 Cuisine au design raffin\u00e9 : Artwood 22K Noyer Cuba et Feel 961 Blanc S\u00e9rie PREMIUM Ce magnifique espace s\u00e9jour d\u2019un appartement en centre-ville accueille une [&hellip;]<\/p>\n","protected":false},"author":2,"featured_media":26069,"comment_status":"closed","ping_status":"closed","sticky":false,"template":"","format":"standard","meta":{"_monsterinsights_skip_tracking":false,"_monsterinsights_sitenote_active":false,"_monsterinsights_sitenote_note":"","_monsterinsights_sitenote_category":0,"_uf_show_specific_survey":0,"_uf_disable_surveys":false,"footnotes":""},"categories":[217],"tags":[],"class_list":["post-26067","post","type-post","status-publish","format-standard","has-post-thumbnail","hentry","category-tendance-lelegance-du-bois"],"yoast_head":"<!-- This site is optimized with the Yoast SEO plugin v27.5 - https:\/\/yoast.com\/product\/yoast-seo-wordpress\/ -->\n<title>Un duo gagnant : associer bois et laque dans votre cuisine - Porto Venere<\/title>\n<meta name=\"description\" content=\"En recherche d&#039;id\u00e9es d\u00e9co et am\u00e9nagement pour votre future cuisine ? D\u00e9couvrez nos inspirations qui associent bois et laque \u00e0 la perfection.\" \/>\n<meta name=\"robots\" content=\"index, follow, max-snippet:-1, max-image-preview:large, max-video-preview:-1\" \/>\n<link rel=\"canonical\" href=\"https:\/\/www.portovenere.fr\/fr-fr\/un-duo-gagnant-associer-bois-et-laque-dans-votre-cuisine\/\" \/>\n<meta property=\"og:locale\" content=\"fr_FR\" \/>\n<meta property=\"og:type\" content=\"article\" \/>\n<meta property=\"og:title\" content=\"Un duo gagnant : associer bois et laque dans votre cuisine - Porto Venere\" \/>\n<meta property=\"og:description\" content=\"En recherche d&#039;id\u00e9es d\u00e9co et am\u00e9nagement pour votre future cuisine ? D\u00e9couvrez nos inspirations qui associent bois et laque \u00e0 la perfection.\" \/>\n<meta property=\"og:url\" content=\"https:\/\/www.portovenere.fr\/fr-fr\/un-duo-gagnant-associer-bois-et-laque-dans-votre-cuisine\/\" \/>\n<meta property=\"og:site_name\" content=\"Porto Venere\" \/>\n<meta property=\"article:publisher\" content=\"https:\/\/www.facebook.com\/portovenere34\/\" \/>\n<meta property=\"article:published_time\" content=\"2020-02-26T13:16:17+00:00\" \/>\n<meta property=\"article:modified_time\" content=\"2022-03-14T14:53:29+00:00\" \/>\n<meta property=\"og:image\" content=\"https:\/\/www.portovenere.fr\/fr-fr\/wp-content\/uploads\/2020\/02\/Cuisine_Moderne_Laque_Blanche_Mate_Bois_Chene_Champagne__Legno_59C_Soft_Lack_76W_Montpellier_1.jpg\" \/>\n\t<meta property=\"og:image:width\" content=\"1240\" \/>\n\t<meta property=\"og:image:height\" content=\"811\" \/>\n\t<meta property=\"og:image:type\" content=\"image\/jpeg\" \/>\n<meta name=\"author\" content=\"Emilien Duzellier\" \/>\n<meta name=\"twitter:card\" content=\"summary_large_image\" \/>\n<meta name=\"twitter:label1\" content=\"\u00c9crit par\" \/>\n\t<meta name=\"twitter:data1\" content=\"Emilien Duzellier\" \/>\n\t<meta name=\"twitter:label2\" content=\"Dur\u00e9e de lecture estim\u00e9e\" \/>\n\t<meta name=\"twitter:data2\" content=\"7 minutes\" \/>\n<script type=\"application\/ld+json\" class=\"yoast-schema-graph\">{\"@context\":\"https:\\\/\\\/schema.org\",\"@graph\":[{\"@type\":\"Article\",\"@id\":\"https:\\\/\\\/www.portovenere.fr\\\/fr-fr\\\/un-duo-gagnant-associer-bois-et-laque-dans-votre-cuisine\\\/#article\",\"isPartOf\":{\"@id\":\"https:\\\/\\\/www.portovenere.fr\\\/fr-fr\\\/un-duo-gagnant-associer-bois-et-laque-dans-votre-cuisine\\\/\"},\"author\":{\"name\":\"Emilien Duzellier\",\"@id\":\"https:\\\/\\\/www.portovenere.fr\\\/fr-fr\\\/#\\\/schema\\\/person\\\/e40295ab0f985e6e264bbb6c55de785e\"},\"headline\":\"Un duo gagnant : associer bois et laque dans votre cuisine\",\"datePublished\":\"2020-02-26T13:16:17+00:00\",\"dateModified\":\"2022-03-14T14:53:29+00:00\",\"mainEntityOfPage\":{\"@id\":\"https:\\\/\\\/www.portovenere.fr\\\/fr-fr\\\/un-duo-gagnant-associer-bois-et-laque-dans-votre-cuisine\\\/\"},\"wordCount\":660,\"publisher\":{\"@id\":\"https:\\\/\\\/www.portovenere.fr\\\/fr-fr\\\/#organization\"},\"image\":{\"@id\":\"https:\\\/\\\/www.portovenere.fr\\\/fr-fr\\\/un-duo-gagnant-associer-bois-et-laque-dans-votre-cuisine\\\/#primaryimage\"},\"thumbnailUrl\":\"https:\\\/\\\/www.portovenere.fr\\\/fr-fr\\\/wp-content\\\/uploads\\\/2020\\\/02\\\/Cuisine_Moderne_Laque_Blanche_Mate_Bois_Chene_Champagne__Legno_59C_Soft_Lack_76W_Montpellier_1.jpg\",\"articleSection\":[\"Tendance : L'\u00e9l\u00e9gance du bois\"],\"inLanguage\":\"fr-FR\"},{\"@type\":\"WebPage\",\"@id\":\"https:\\\/\\\/www.portovenere.fr\\\/fr-fr\\\/un-duo-gagnant-associer-bois-et-laque-dans-votre-cuisine\\\/\",\"url\":\"https:\\\/\\\/www.portovenere.fr\\\/fr-fr\\\/un-duo-gagnant-associer-bois-et-laque-dans-votre-cuisine\\\/\",\"name\":\"Un duo gagnant : associer bois et laque dans votre cuisine - Porto Venere\",\"isPartOf\":{\"@id\":\"https:\\\/\\\/www.portovenere.fr\\\/fr-fr\\\/#website\"},\"primaryImageOfPage\":{\"@id\":\"https:\\\/\\\/www.portovenere.fr\\\/fr-fr\\\/un-duo-gagnant-associer-bois-et-laque-dans-votre-cuisine\\\/#primaryimage\"},\"image\":{\"@id\":\"https:\\\/\\\/www.portovenere.fr\\\/fr-fr\\\/un-duo-gagnant-associer-bois-et-laque-dans-votre-cuisine\\\/#primaryimage\"},\"thumbnailUrl\":\"https:\\\/\\\/www.portovenere.fr\\\/fr-fr\\\/wp-content\\\/uploads\\\/2020\\\/02\\\/Cuisine_Moderne_Laque_Blanche_Mate_Bois_Chene_Champagne__Legno_59C_Soft_Lack_76W_Montpellier_1.jpg\",\"datePublished\":\"2020-02-26T13:16:17+00:00\",\"dateModified\":\"2022-03-14T14:53:29+00:00\",\"description\":\"En recherche d'id\u00e9es d\u00e9co et am\u00e9nagement pour votre future cuisine ? D\u00e9couvrez nos inspirations qui associent bois et laque \u00e0 la perfection.\",\"breadcrumb\":{\"@id\":\"https:\\\/\\\/www.portovenere.fr\\\/fr-fr\\\/un-duo-gagnant-associer-bois-et-laque-dans-votre-cuisine\\\/#breadcrumb\"},\"inLanguage\":\"fr-FR\",\"potentialAction\":[{\"@type\":\"ReadAction\",\"target\":[\"https:\\\/\\\/www.portovenere.fr\\\/fr-fr\\\/un-duo-gagnant-associer-bois-et-laque-dans-votre-cuisine\\\/\"]}]},{\"@type\":\"ImageObject\",\"inLanguage\":\"fr-FR\",\"@id\":\"https:\\\/\\\/www.portovenere.fr\\\/fr-fr\\\/un-duo-gagnant-associer-bois-et-laque-dans-votre-cuisine\\\/#primaryimage\",\"url\":\"https:\\\/\\\/www.portovenere.fr\\\/fr-fr\\\/wp-content\\\/uploads\\\/2020\\\/02\\\/Cuisine_Moderne_Laque_Blanche_Mate_Bois_Chene_Champagne__Legno_59C_Soft_Lack_76W_Montpellier_1.jpg\",\"contentUrl\":\"https:\\\/\\\/www.portovenere.fr\\\/fr-fr\\\/wp-content\\\/uploads\\\/2020\\\/02\\\/Cuisine_Moderne_Laque_Blanche_Mate_Bois_Chene_Champagne__Legno_59C_Soft_Lack_76W_Montpellier_1.jpg\",\"width\":1240,\"height\":811},{\"@type\":\"BreadcrumbList\",\"@id\":\"https:\\\/\\\/www.portovenere.fr\\\/fr-fr\\\/un-duo-gagnant-associer-bois-et-laque-dans-votre-cuisine\\\/#breadcrumb\",\"itemListElement\":[{\"@type\":\"ListItem\",\"position\":1,\"name\":\"Page d'accueil\",\"item\":\"https:\\\/\\\/www.portovenere.fr\\\/fr-fr\\\/\"},{\"@type\":\"ListItem\",\"position\":2,\"name\":\"Tendance : L'\u00e9l\u00e9gance du bois\",\"item\":\"https:\\\/\\\/www.portovenere.fr\\\/fr-fr\\\/categorie\\\/tendance-lelegance-du-bois\\\/\"},{\"@type\":\"ListItem\",\"position\":3,\"name\":\"Un duo gagnant : associer bois et laque dans votre cuisine\"}]},{\"@type\":\"WebSite\",\"@id\":\"https:\\\/\\\/www.portovenere.fr\\\/fr-fr\\\/#website\",\"url\":\"https:\\\/\\\/www.portovenere.fr\\\/fr-fr\\\/\",\"name\":\"Porto Venere\",\"description\":\"Magasin de carrelage, cuisine, salle de bain \u00e0 Montpellier dans l&#039;H\u00e9rault\",\"publisher\":{\"@id\":\"https:\\\/\\\/www.portovenere.fr\\\/fr-fr\\\/#organization\"},\"potentialAction\":[{\"@type\":\"SearchAction\",\"target\":{\"@type\":\"EntryPoint\",\"urlTemplate\":\"https:\\\/\\\/www.portovenere.fr\\\/fr-fr\\\/?s={search_term_string}\"},\"query-input\":{\"@type\":\"PropertyValueSpecification\",\"valueRequired\":true,\"valueName\":\"search_term_string\"}}],\"inLanguage\":\"fr-FR\"},{\"@type\":\"Organization\",\"@id\":\"https:\\\/\\\/www.portovenere.fr\\\/fr-fr\\\/#organization\",\"name\":\"Porto Venere - Carrelage Usine Center SARL\",\"url\":\"https:\\\/\\\/www.portovenere.fr\\\/fr-fr\\\/\",\"logo\":{\"@type\":\"ImageObject\",\"inLanguage\":\"fr-FR\",\"@id\":\"https:\\\/\\\/www.portovenere.fr\\\/fr-fr\\\/#\\\/schema\\\/logo\\\/image\\\/\",\"url\":\"https:\\\/\\\/www.portovenere.fr\\\/fr-fr\\\/wp-content\\\/uploads\\\/2019\\\/05\\\/logo3.png\",\"contentUrl\":\"https:\\\/\\\/www.portovenere.fr\\\/fr-fr\\\/wp-content\\\/uploads\\\/2019\\\/05\\\/logo3.png\",\"width\":388,\"height\":120,\"caption\":\"Porto Venere - Carrelage Usine Center SARL\"},\"image\":{\"@id\":\"https:\\\/\\\/www.portovenere.fr\\\/fr-fr\\\/#\\\/schema\\\/logo\\\/image\\\/\"},\"sameAs\":[\"https:\\\/\\\/www.facebook.com\\\/portovenere34\\\/\",\"https:\\\/\\\/www.instagram.com\\\/porto.venere\\\/\",\"https:\\\/\\\/www.linkedin.com\\\/company\\\/porto-venere-montpellier\\\/\",\"https:\\\/\\\/www.pinterest.fr\\\/portovenere34\\\/\"]},{\"@type\":\"Person\",\"@id\":\"https:\\\/\\\/www.portovenere.fr\\\/fr-fr\\\/#\\\/schema\\\/person\\\/e40295ab0f985e6e264bbb6c55de785e\",\"name\":\"Emilien Duzellier\",\"image\":{\"@type\":\"ImageObject\",\"inLanguage\":\"fr-FR\",\"@id\":\"https:\\\/\\\/secure.gravatar.com\\\/avatar\\\/dd237c2012c220cd1e5133464748def4256dcc8320641b772c46540705096458?s=96&d=mm&r=g\",\"url\":\"https:\\\/\\\/secure.gravatar.com\\\/avatar\\\/dd237c2012c220cd1e5133464748def4256dcc8320641b772c46540705096458?s=96&d=mm&r=g\",\"contentUrl\":\"https:\\\/\\\/secure.gravatar.com\\\/avatar\\\/dd237c2012c220cd1e5133464748def4256dcc8320641b772c46540705096458?s=96&d=mm&r=g\",\"caption\":\"Emilien Duzellier\"},\"url\":\"https:\\\/\\\/www.portovenere.fr\\\/fr-fr\\\/author\\\/emilien\\\/\"}]}<\/script>\n<!-- \/ Yoast SEO plugin. -->","yoast_head_json":{"title":"Un duo gagnant : associer bois et laque dans votre cuisine - Porto Venere","description":"En recherche d'id\u00e9es d\u00e9co et am\u00e9nagement pour votre future cuisine ? D\u00e9couvrez nos inspirations qui associent bois et laque \u00e0 la perfection.","robots":{"index":"index","follow":"follow","max-snippet":"max-snippet:-1","max-image-preview":"max-image-preview:large","max-video-preview":"max-video-preview:-1"},"canonical":"https:\/\/www.portovenere.fr\/fr-fr\/un-duo-gagnant-associer-bois-et-laque-dans-votre-cuisine\/","og_locale":"fr_FR","og_type":"article","og_title":"Un duo gagnant : associer bois et laque dans votre cuisine - Porto Venere","og_description":"En recherche d'id\u00e9es d\u00e9co et am\u00e9nagement pour votre future cuisine ? D\u00e9couvrez nos inspirations qui associent bois et laque \u00e0 la perfection.","og_url":"https:\/\/www.portovenere.fr\/fr-fr\/un-duo-gagnant-associer-bois-et-laque-dans-votre-cuisine\/","og_site_name":"Porto Venere","article_publisher":"https:\/\/www.facebook.com\/portovenere34\/","article_published_time":"2020-02-26T13:16:17+00:00","article_modified_time":"2022-03-14T14:53:29+00:00","og_image":[{"width":1240,"height":811,"url":"https:\/\/www.portovenere.fr\/fr-fr\/wp-content\/uploads\/2020\/02\/Cuisine_Moderne_Laque_Blanche_Mate_Bois_Chene_Champagne__Legno_59C_Soft_Lack_76W_Montpellier_1.jpg","type":"image\/jpeg"}],"author":"Emilien Duzellier","twitter_card":"summary_large_image","twitter_misc":{"\u00c9crit par":"Emilien Duzellier","Dur\u00e9e de lecture estim\u00e9e":"7 minutes"},"schema":{"@context":"https:\/\/schema.org","@graph":[{"@type":"Article","@id":"https:\/\/www.portovenere.fr\/fr-fr\/un-duo-gagnant-associer-bois-et-laque-dans-votre-cuisine\/#article","isPartOf":{"@id":"https:\/\/www.portovenere.fr\/fr-fr\/un-duo-gagnant-associer-bois-et-laque-dans-votre-cuisine\/"},"author":{"name":"Emilien Duzellier","@id":"https:\/\/www.portovenere.fr\/fr-fr\/#\/schema\/person\/e40295ab0f985e6e264bbb6c55de785e"},"headline":"Un duo gagnant : associer bois et laque dans votre cuisine","datePublished":"2020-02-26T13:16:17+00:00","dateModified":"2022-03-14T14:53:29+00:00","mainEntityOfPage":{"@id":"https:\/\/www.portovenere.fr\/fr-fr\/un-duo-gagnant-associer-bois-et-laque-dans-votre-cuisine\/"},"wordCount":660,"publisher":{"@id":"https:\/\/www.portovenere.fr\/fr-fr\/#organization"},"image":{"@id":"https:\/\/www.portovenere.fr\/fr-fr\/un-duo-gagnant-associer-bois-et-laque-dans-votre-cuisine\/#primaryimage"},"thumbnailUrl":"https:\/\/www.portovenere.fr\/fr-fr\/wp-content\/uploads\/2020\/02\/Cuisine_Moderne_Laque_Blanche_Mate_Bois_Chene_Champagne__Legno_59C_Soft_Lack_76W_Montpellier_1.jpg","articleSection":["Tendance : L'\u00e9l\u00e9gance du bois"],"inLanguage":"fr-FR"},{"@type":"WebPage","@id":"https:\/\/www.portovenere.fr\/fr-fr\/un-duo-gagnant-associer-bois-et-laque-dans-votre-cuisine\/","url":"https:\/\/www.portovenere.fr\/fr-fr\/un-duo-gagnant-associer-bois-et-laque-dans-votre-cuisine\/","name":"Un duo gagnant : associer bois et laque dans votre cuisine - Porto Venere","isPartOf":{"@id":"https:\/\/www.portovenere.fr\/fr-fr\/#website"},"primaryImageOfPage":{"@id":"https:\/\/www.portovenere.fr\/fr-fr\/un-duo-gagnant-associer-bois-et-laque-dans-votre-cuisine\/#primaryimage"},"image":{"@id":"https:\/\/www.portovenere.fr\/fr-fr\/un-duo-gagnant-associer-bois-et-laque-dans-votre-cuisine\/#primaryimage"},"thumbnailUrl":"https:\/\/www.portovenere.fr\/fr-fr\/wp-content\/uploads\/2020\/02\/Cuisine_Moderne_Laque_Blanche_Mate_Bois_Chene_Champagne__Legno_59C_Soft_Lack_76W_Montpellier_1.jpg","datePublished":"2020-02-26T13:16:17+00:00","dateModified":"2022-03-14T14:53:29+00:00","description":"En recherche d'id\u00e9es d\u00e9co et am\u00e9nagement pour votre future cuisine ? D\u00e9couvrez nos inspirations qui associent bois et laque \u00e0 la perfection.","breadcrumb":{"@id":"https:\/\/www.portovenere.fr\/fr-fr\/un-duo-gagnant-associer-bois-et-laque-dans-votre-cuisine\/#breadcrumb"},"inLanguage":"fr-FR","potentialAction":[{"@type":"ReadAction","target":["https:\/\/www.portovenere.fr\/fr-fr\/un-duo-gagnant-associer-bois-et-laque-dans-votre-cuisine\/"]}]},{"@type":"ImageObject","inLanguage":"fr-FR","@id":"https:\/\/www.portovenere.fr\/fr-fr\/un-duo-gagnant-associer-bois-et-laque-dans-votre-cuisine\/#primaryimage","url":"https:\/\/www.portovenere.fr\/fr-fr\/wp-content\/uploads\/2020\/02\/Cuisine_Moderne_Laque_Blanche_Mate_Bois_Chene_Champagne__Legno_59C_Soft_Lack_76W_Montpellier_1.jpg","contentUrl":"https:\/\/www.portovenere.fr\/fr-fr\/wp-content\/uploads\/2020\/02\/Cuisine_Moderne_Laque_Blanche_Mate_Bois_Chene_Champagne__Legno_59C_Soft_Lack_76W_Montpellier_1.jpg","width":1240,"height":811},{"@type":"BreadcrumbList","@id":"https:\/\/www.portovenere.fr\/fr-fr\/un-duo-gagnant-associer-bois-et-laque-dans-votre-cuisine\/#breadcrumb","itemListElement":[{"@type":"ListItem","position":1,"name":"Page d'accueil","item":"https:\/\/www.portovenere.fr\/fr-fr\/"},{"@type":"ListItem","position":2,"name":"Tendance : L'\u00e9l\u00e9gance du bois","item":"https:\/\/www.portovenere.fr\/fr-fr\/categorie\/tendance-lelegance-du-bois\/"},{"@type":"ListItem","position":3,"name":"Un duo gagnant : associer bois et laque dans votre cuisine"}]},{"@type":"WebSite","@id":"https:\/\/www.portovenere.fr\/fr-fr\/#website","url":"https:\/\/www.portovenere.fr\/fr-fr\/","name":"Porto Venere","description":"Magasin de carrelage, cuisine, salle de bain \u00e0 Montpellier dans l&#039;H\u00e9rault","publisher":{"@id":"https:\/\/www.portovenere.fr\/fr-fr\/#organization"},"potentialAction":[{"@type":"SearchAction","target":{"@type":"EntryPoint","urlTemplate":"https:\/\/www.portovenere.fr\/fr-fr\/?s={search_term_string}"},"query-input":{"@type":"PropertyValueSpecification","valueRequired":true,"valueName":"search_term_string"}}],"inLanguage":"fr-FR"},{"@type":"Organization","@id":"https:\/\/www.portovenere.fr\/fr-fr\/#organization","name":"Porto Venere - Carrelage Usine Center SARL","url":"https:\/\/www.portovenere.fr\/fr-fr\/","logo":{"@type":"ImageObject","inLanguage":"fr-FR","@id":"https:\/\/www.portovenere.fr\/fr-fr\/#\/schema\/logo\/image\/","url":"https:\/\/www.portovenere.fr\/fr-fr\/wp-content\/uploads\/2019\/05\/logo3.png","contentUrl":"https:\/\/www.portovenere.fr\/fr-fr\/wp-content\/uploads\/2019\/05\/logo3.png","width":388,"height":120,"caption":"Porto Venere - Carrelage Usine Center SARL"},"image":{"@id":"https:\/\/www.portovenere.fr\/fr-fr\/#\/schema\/logo\/image\/"},"sameAs":["https:\/\/www.facebook.com\/portovenere34\/","https:\/\/www.instagram.com\/porto.venere\/","https:\/\/www.linkedin.com\/company\/porto-venere-montpellier\/","https:\/\/www.pinterest.fr\/portovenere34\/"]},{"@type":"Person","@id":"https:\/\/www.portovenere.fr\/fr-fr\/#\/schema\/person\/e40295ab0f985e6e264bbb6c55de785e","name":"Emilien Duzellier","image":{"@type":"ImageObject","inLanguage":"fr-FR","@id":"https:\/\/secure.gravatar.com\/avatar\/dd237c2012c220cd1e5133464748def4256dcc8320641b772c46540705096458?s=96&d=mm&r=g","url":"https:\/\/secure.gravatar.com\/avatar\/dd237c2012c220cd1e5133464748def4256dcc8320641b772c46540705096458?s=96&d=mm&r=g","contentUrl":"https:\/\/secure.gravatar.com\/avatar\/dd237c2012c220cd1e5133464748def4256dcc8320641b772c46540705096458?s=96&d=mm&r=g","caption":"Emilien Duzellier"},"url":"https:\/\/www.portovenere.fr\/fr-fr\/author\/emilien\/"}]}},"_links":{"self":[{"href":"https:\/\/www.portovenere.fr\/fr-fr\/wp-json\/wp\/v2\/posts\/26067","targetHints":{"allow":["GET"]}}],"collection":[{"href":"https:\/\/www.portovenere.fr\/fr-fr\/wp-json\/wp\/v2\/posts"}],"about":[{"href":"https:\/\/www.portovenere.fr\/fr-fr\/wp-json\/wp\/v2\/types\/post"}],"author":[{"embeddable":true,"href":"https:\/\/www.portovenere.fr\/fr-fr\/wp-json\/wp\/v2\/users\/2"}],"replies":[{"embeddable":true,"href":"https:\/\/www.portovenere.fr\/fr-fr\/wp-json\/wp\/v2\/comments?post=26067"}],"version-history":[{"count":0,"href":"https:\/\/www.portovenere.fr\/fr-fr\/wp-json\/wp\/v2\/posts\/26067\/revisions"}],"wp:featuredmedia":[{"embeddable":true,"href":"https:\/\/www.portovenere.fr\/fr-fr\/wp-json\/wp\/v2\/media\/26069"}],"wp:attachment":[{"href":"https:\/\/www.portovenere.fr\/fr-fr\/wp-json\/wp\/v2\/media?parent=26067"}],"wp:term":[{"taxonomy":"category","embeddable":true,"href":"https:\/\/www.portovenere.fr\/fr-fr\/wp-json\/wp\/v2\/categories?post=26067"},{"taxonomy":"post_tag","embeddable":true,"href":"https:\/\/www.portovenere.fr\/fr-fr\/wp-json\/wp\/v2\/tags?post=26067"}],"curies":[{"name":"wp","href":"https:\/\/api.w.org\/{rel}","templated":true}]}}