{"id":72047,"date":"2026-09-04T05:51:54","date_gmt":"2026-09-04T03:51:54","guid":{"rendered":"https:\/\/www.portovenere.fr\/fr-fr\/parquet-massif-sol-exception-durable\/"},"modified":"2026-09-04T05:51:54","modified_gmt":"2026-09-04T03:51:54","slug":"parquet-massif-sol-exception-durable","status":"publish","type":"post","link":"https:\/\/www.portovenere.fr\/fr-fr\/parquet-massif-sol-exception-durable\/","title":{"rendered":"Parquet massif, un sol d\u2019exception durable"},"content":{"rendered":"<p>Un sol qui se patine, se r\u00e9nove et r\u00e9v\u00e8le sa beaut\u00e9 ann\u00e9e apr\u00e8s ann\u00e9e change profond\u00e9ment la perception d\u2019un int\u00e9rieur. Le <strong>parquet massif<\/strong> n\u2019est pas seulement un rev\u00eatement de sol : il apporte une mati\u00e8re vivante, une profondeur et une signature d\u00e9corative que les imitations ne reproduisent jamais tout \u00e0 fait. Dans une maison de caract\u00e8re comme dans un appartement contemporain \u00e0 Montpellier, il cr\u00e9e ce lien rare entre confort quotidien et \u00e9l\u00e9gance durable.<\/p>\n<h2>Pourquoi choisir un parquet massif ?<\/h2>\n<p>Un parquet massif est fabriqu\u00e9 dans une seule et m\u00eame pi\u00e8ce de bois. \u00c0 la diff\u00e9rence d\u2019un parquet contrecoll\u00e9, compos\u00e9 de plusieurs couches, toute son \u00e9paisseur est constitu\u00e9e de l\u2019essence visible. Cette construction lui donne une pr\u00e9sence incomparable, mais surtout une remarquable capacit\u00e9 \u00e0 traverser le temps.<\/p>\n<p>Rayures l\u00e9g\u00e8res, traces d\u2019usage, \u00e9volution de la teinte : le bois raconte la vie de la maison sans perdre sa noblesse. Lorsqu\u2019il le faut, un parquet massif peut \u00eatre ponc\u00e9 puis recevoir une nouvelle finition. Cette facult\u00e9 de r\u00e9novation constitue l\u2019un de ses grands atouts, particuli\u00e8rement dans un projet haut de gamme pens\u00e9 sur le long terme.<\/p>\n<p>Son int\u00e9r\u00eat d\u00e9passe toutefois la seule durabilit\u00e9. Le parquet massif am\u00e9liore aussi le confort ressenti. Il est agr\u00e9able sous le pied, att\u00e9nue naturellement une partie des bruits d\u2019impact et apporte une chaleur visuelle imm\u00e9diate \u00e0 des volumes parfois tr\u00e8s min\u00e9raux. Dans un s\u00e9jour associant <a href=\"https:\/\/www.portovenere.fr\/fr-fr\/avantages-pierre-naturelle-interieur\/\">pierre naturelle<\/a>, mobilier sur mesure et lumi\u00e8re travaill\u00e9e, il permet d\u2019\u00e9quilibrer les mati\u00e8res avec beaucoup de finesse.<\/p>\n<h3>Une mati\u00e8re qui ne reste jamais fig\u00e9e<\/h3>\n<p>Le bois \u00e9volue avec la lumi\u00e8re, les saisons et l\u2019usage. Cette \u00e9volution fait partie de son charme, \u00e0 condition de l\u2019accueillir comme une qualit\u00e9 et non comme un d\u00e9faut. Un ch\u00eane clair prendra de la profondeur, un noyer gagnera en intensit\u00e9, tandis que certaines essences exotiques pourront se nuancer avec le temps.<\/p>\n<p>Cette singularit\u00e9 demande un choix assum\u00e9. Si l\u2019objectif est d\u2019obtenir un sol parfaitement uniforme et inchang\u00e9, un mat\u00e9riau min\u00e9ral ou un rev\u00eatement d\u00e9coratif peut \u00eatre plus appropri\u00e9. Si l\u2019on recherche au contraire une surface expressive, authentique et r\u00e9parable, le massif prend tout son sens.<\/p>\n<h2>Quelle essence choisir pour son parquet massif ?<\/h2>\n<p>L\u2019essence d\u00e9finit la couleur, le veinage, la r\u00e9sistance et l\u2019atmosph\u00e8re de la pi\u00e8ce. Le ch\u00eane reste une r\u00e9f\u00e9rence pour sa stabilit\u00e9, sa duret\u00e9 et sa capacit\u00e9 \u00e0 s\u2019accorder \u00e0 de nombreux styles. Il peut \u00eatre naturel et lumineux dans une r\u00e9novation m\u00e9diterran\u00e9enne, fum\u00e9 pour souligner une d\u00e9coration plus enveloppante, ou bross\u00e9 pour accentuer son relief.<\/p>\n<p>Le noyer s\u00e9duit par ses tonalit\u00e9s brunes, parfois chocolat\u00e9es, et son dessin raffin\u00e9. Il convient particuli\u00e8rement \u00e0 une biblioth\u00e8que, un bureau ou une suite parentale o\u00f9 l\u2019on souhaite installer une ambiance feutr\u00e9e. Les bois plus clairs, comme l\u2019\u00e9rable ou certains ch\u00eanes s\u00e9lectionn\u00e9s, accompagnent quant \u00e0 eux les int\u00e9rieurs \u00e9pur\u00e9s, les lignes contemporaines et les grands apports de lumi\u00e8re.<\/p>\n<p>La duret\u00e9 m\u00e9rite \u00e9galement une attention particuli\u00e8re. Une entr\u00e9e tr\u00e8s sollicit\u00e9e, une pi\u00e8ce de vie familiale ou une maison accueillant des animaux n\u2019imposent pas les m\u00eames exigences qu\u2019une chambre. Le ch\u00eane offre un excellent \u00e9quilibre pour la plupart des usages r\u00e9sidentiels. Une essence plus tendre peut \u00eatre superbe, mais elle marquera davantage et demandera d\u2019accepter une patine plus visible.<\/p>\n<h3>Choisir le bon tri de bois<\/h3>\n<p>Au-del\u00e0 de l\u2019essence, le tri d\u00e9termine l\u2019apparence des lames. Un tri premier, plus homog\u00e8ne et peu noueux, donne une lecture calme et sophistiqu\u00e9e. Un tri avec n\u0153uds, variations de teinte et aubier affirme davantage le caract\u00e8re naturel du mat\u00e9riau.<\/p>\n<p>Il ne s\u2019agit pas d\u2019opposer un choix luxueux \u00e0 un choix rustique. Tout d\u00e9pend de l\u2019\u00e9criture souhait\u00e9e pour le projet. Dans un int\u00e9rieur minimaliste, un bois vivant peut apporter la juste dose de relief. \u00c0 l\u2019inverse, un parquet tr\u00e8s r\u00e9gulier peut cr\u00e9er une continuit\u00e9 \u00e9l\u00e9gante avec une cuisine architectur\u00e9e ou un <a href=\"https:\/\/www.portovenere.fr\/fr-fr\/amenagement-interieur\/dressings\/\">dressing aux fa\u00e7ades sur mesure<\/a>.<\/p>\n<h2>Formats et motifs : le dessin du sol compte autant que la couleur<\/h2>\n<p>Une lame large modifie instantan\u00e9ment l\u2019\u00e9chelle d\u2019une pi\u00e8ce. Elle valorise les grands volumes, simplifie la lecture du sol et offre une expression contemporaine. Les lames plus \u00e9troites ont leur place dans les appartements anciens, les espaces plus intimistes ou les projets recherchant une cadence visuelle plus classique.<\/p>\n<p>La longueur des lames est tout aussi d\u00e9terminante. De grandes longueurs cr\u00e9ent une continuit\u00e9 presque architecturale dans un s\u00e9jour ouvert. Des longueurs vari\u00e9es donnent un rendu plus spontan\u00e9 et traditionnel. La largeur, le chanfrein, le brossage et le choix d\u2019une finition mate ou satin\u00e9e participent \u00e0 cette composition.<\/p>\n<p>Le motif transforme lui aussi le parquet en \u00e9l\u00e9ment de d\u00e9cor. La pose \u00e0 l\u2019anglaise reste intemporelle et s\u2019adapte \u00e0 presque toutes les configurations. Le point de Hongrie, avec ses lames coup\u00e9es en angle, donne une allure graphique tr\u00e8s \u00e9l\u00e9gante. Le b\u00e2ton rompu, plus dense visuellement, \u00e9voque les int\u00e9rieurs haussmanniens tout en retrouvant une place naturelle dans des r\u00e9novations contemporaines.<\/p>\n<p>Dans les pi\u00e8ces ouvertes, le parquet peut servir de fil conducteur entre le salon, la salle \u00e0 manger et une cuisine. Il faut alors anticiper les seuils, les changements de mati\u00e8re et l\u2019orientation des lames d\u00e8s la conception du projet. Un calepinage bien \u00e9tudi\u00e9 \u00e9vite les coupes maladroites et rend l\u2019ensemble beaucoup plus coh\u00e9rent.<\/p>\n<h2>Pose du parquet massif : une d\u00e9cision technique d\u00e9cisive<\/h2>\n<p>La beaut\u00e9 du bois ne compense jamais une pose inadapt\u00e9e. Le support doit \u00eatre plan, propre, stable et parfaitement sec. Dans le contexte m\u00e9diterran\u00e9en, o\u00f9 les \u00e9carts d\u2019humidit\u00e9 peuvent \u00eatre sensibles entre les p\u00e9riodes de l\u2019ann\u00e9e, le respect de ces conditions est essentiel pour limiter les mouvements naturels du mat\u00e9riau.<\/p>\n<p>La pose coll\u00e9e est aujourd\u2019hui souvent privil\u00e9gi\u00e9e en r\u00e9novation. Elle apporte une excellente stabilit\u00e9, r\u00e9duit les bruits de r\u00e9sonance et convient \u00e0 de nombreux projets r\u00e9sidentiels. La pose clou\u00e9e sur lambourdes, plus traditionnelle, reste une solution remarquable lorsque la configuration du chantier et la hauteur disponible le permettent. Elle donne un r\u00e9sultat tr\u00e8s qualitatif, mais implique une pr\u00e9paration sp\u00e9cifique.<\/p>\n<p>Le chauffage au sol demande une vigilance renforc\u00e9e. Selon l\u2019essence, le format des lames, l\u2019\u00e9paisseur du parquet et les pr\u00e9conisations du fabricant, un massif peut \u00eatre envisageable sous certaines conditions strictes. Cependant, un parquet contrecoll\u00e9 est fr\u00e9quemment plus adapt\u00e9 \u00e0 cet usage. Le bon choix d\u00e9pend donc du syst\u00e8me de chauffage, de l\u2019inertie recherch\u00e9e et de l\u2019esth\u00e9tique attendue, jamais d\u2019une r\u00e8gle g\u00e9n\u00e9rale.<\/p>\n<h3>Anticiper les d\u00e9tails qui font la diff\u00e9rence<\/h3>\n<p>Les plinthes, les raccords avec le carrelage, les seuils de portes et les joints p\u00e9riph\u00e9riques ne sont pas des finitions secondaires. Ils d\u00e9terminent la qualit\u00e9 per\u00e7ue du sol. Une plinthe assortie, une jonction discr\u00e8te avec une pierre naturelle ou une transition ma\u00eetris\u00e9e vers la salle de bain donnent au projet une allure imm\u00e9diatement plus aboutie.<\/p>\n<p>Chez Porto Venere, la s\u00e9lection d\u2019un parquet s\u2019inscrit naturellement dans une <a href=\"https:\/\/www.portovenere.fr\/fr-fr\/amenagement-interieur-premium\/\">r\u00e9flexion globale<\/a> sur les mati\u00e8res, les teintes et les usages de chaque espace. Cette vision permet de faire dialoguer le sol avec les menuiseries, les rev\u00eatements muraux, la cuisine ou les luminaires, plut\u00f4t que de choisir chaque \u00e9l\u00e9ment isol\u00e9ment.<\/p>\n<h2>Huile ou vernis : quelle finition pour pr\u00e9server le bois ?<\/h2>\n<p>La finition influence autant le toucher que l\u2019entretien. Une finition huil\u00e9e p\u00e9n\u00e8tre le bois et conserve une sensation tr\u00e8s naturelle. Elle met en valeur le relief, facilite les reprises localis\u00e9es et s\u2019accorde particuli\u00e8rement bien aux ambiances chaleureuses ou organiques. Elle demande en revanche un entretien r\u00e9gulier, adapt\u00e9 au produit choisi.<\/p>\n<p>Un vernis, aussi appel\u00e9 vitrificateur, cr\u00e9e une protection de surface plus r\u00e9sistante aux taches du quotidien. Il est particuli\u00e8rement pertinent pour une vie de famille intense ou des zones de passage. Les finitions mates actuelles permettent d\u2019obtenir un r\u00e9sultat tr\u00e8s contemporain, sans l\u2019aspect brillant parfois associ\u00e9 aux parquets anciens.<\/p>\n<p>Aucune finition n\u2019est universellement sup\u00e9rieure. Une huile convient \u00e0 ceux qui appr\u00e9cient la mati\u00e8re et sont pr\u00eats \u00e0 en prendre soin. Un vernis r\u00e9pond mieux aux attentes de simplicit\u00e9 au quotidien. Dans les deux cas, \u00e9viter l\u2019exc\u00e8s d\u2019eau, placer des patins sous les meubles et utiliser des produits compatibles prolongera la beaut\u00e9 du sol.<\/p>\n<h2>Dans quelles pi\u00e8ces installer du parquet massif ?<\/h2>\n<p>Le salon, les chambres, le bureau, le couloir et la salle \u00e0 manger sont des terrains d\u2019expression privil\u00e9gi\u00e9s. Dans ces espaces, le massif apporte une continuit\u00e9 \u00e9l\u00e9gante et une qualit\u00e9 de confort qui se ressent chaque jour. Il peut aussi habiller un escalier pour cr\u00e9er une liaison particuli\u00e8rement soign\u00e9e entre les niveaux.<\/p>\n<p>La cuisine est possible si la pose et la finition sont adapt\u00e9es, avec une attention rigoureuse port\u00e9e aux projections d\u2019eau et aux zones situ\u00e9es autour de l\u2019\u00e9vier. Pour une salle de bain classique, le parquet massif demeure plus d\u00e9licat. Les variations d\u2019humidit\u00e9 r\u00e9p\u00e9t\u00e9es exigent une essence, une mise en \u0153uvre et une ventilation tr\u00e8s sp\u00e9cifiques. Dans bien des projets, une pierre naturelle ou un carrelage raffin\u00e9 offrira une r\u00e9ponse plus sereine tout en pr\u00e9servant l\u2019harmonie g\u00e9n\u00e9rale.<\/p>\n<p>Choisir un parquet massif, c\u2019est finalement choisir une mati\u00e8re qui m\u00e9rite du temps : le temps d\u2019observer les \u00e9chantillons \u00e0 la lumi\u00e8re du projet, de comparer les finitions au toucher et de d\u00e9finir une pose \u00e0 la hauteur de l\u2019espace. C\u2019est dans cette pr\u00e9cision que le sol cesse d\u2019\u00eatre un simple d\u00e9cor pour devenir la base sensible et durable de toute la maison.<\/p>\n","protected":false},"excerpt":{"rendered":"<p>Le parquet massif apporte chaleur, caract\u00e8re et long\u00e9vit\u00e9 \u00e0 votre int\u00e9rieur. Nos conseils pour choisir essence, pose et finition adapt\u00e9es \u00e0 chaque pi\u00e8ce<\/p>\n","protected":false},"author":0,"featured_media":72048,"comment_status":"","ping_status":"","sticky":false,"template":"","format":"standard","meta":{"_monsterinsights_skip_tracking":false,"_uf_show_specific_survey":0,"_uf_disable_surveys":false,"iawp_total_views":0,"footnotes":""},"categories":[1],"tags":[],"class_list":["post-72047","post","type-post","status-publish","format-standard","has-post-thumbnail","hentry","category-les-inclassables"],"yoast_head":"<!-- This site is optimized with the Yoast SEO plugin v28.4 - https:\/\/yoast.com\/product\/yoast-seo-wordpress\/ -->\n<title>Parquet massif, un sol d\u2019exception durable - Porto Venere<\/title>\n<meta name=\"description\" content=\"Le parquet massif apporte chaleur, caract\u00e8re et long\u00e9vit\u00e9 \u00e0 votre int\u00e9rieur. Nos conseils pour choisir essence, pose et finition adapt\u00e9es \u00e0 chaque pi\u00e8ce\" \/>\n<meta name=\"robots\" content=\"index, follow, max-snippet:-1, max-image-preview:large, max-video-preview:-1\" \/>\n<link rel=\"canonical\" href=\"https:\/\/www.portovenere.fr\/fr-fr\/parquet-massif-sol-exception-durable\/\" \/>\n<meta property=\"og:locale\" content=\"fr_FR\" \/>\n<meta property=\"og:type\" content=\"article\" \/>\n<meta property=\"og:title\" content=\"Parquet massif, un sol d\u2019exception durable - Porto Venere\" \/>\n<meta property=\"og:description\" content=\"Le parquet massif apporte chaleur, caract\u00e8re et long\u00e9vit\u00e9 \u00e0 votre int\u00e9rieur. Nos conseils pour choisir essence, pose et finition adapt\u00e9es \u00e0 chaque pi\u00e8ce\" \/>\n<meta property=\"og:url\" content=\"https:\/\/www.portovenere.fr\/fr-fr\/parquet-massif-sol-exception-durable\/\" \/>\n<meta property=\"og:site_name\" content=\"Porto Venere\" \/>\n<meta property=\"article:publisher\" content=\"https:\/\/www.facebook.com\/portovenere34\/\" \/>\n<meta property=\"article:published_time\" content=\"2026-09-04T03:51:54+00:00\" \/>\n<meta property=\"og:image\" content=\"https:\/\/www.portovenere.fr\/fr-fr\/wp-content\/uploads\/2019\/05\/logo3.png\" \/>\n\t<meta property=\"og:image:width\" content=\"388\" \/>\n\t<meta property=\"og:image:height\" content=\"120\" \/>\n\t<meta property=\"og:image:type\" content=\"image\/png\" \/>\n<meta name=\"twitter:card\" content=\"summary_large_image\" \/>\n<meta name=\"twitter:label1\" content=\"Dur\u00e9e de lecture estim\u00e9e\" \/>\n\t<meta name=\"twitter:data1\" content=\"9 minutes\" \/>\n<script type=\"application\/ld+json\" class=\"yoast-schema-graph\">{\"@context\":\"https:\\\/\\\/schema.org\",\"@graph\":[{\"@type\":\"Article\",\"@id\":\"https:\\\/\\\/www.portovenere.fr\\\/fr-fr\\\/parquet-massif-sol-exception-durable\\\/#article\",\"isPartOf\":{\"@id\":\"https:\\\/\\\/www.portovenere.fr\\\/fr-fr\\\/parquet-massif-sol-exception-durable\\\/\"},\"author\":{\"name\":\"\",\"@id\":\"\"},\"headline\":\"Parquet massif, un sol d\u2019exception durable\",\"datePublished\":\"2026-09-04T03:51:54+00:00\",\"mainEntityOfPage\":{\"@id\":\"https:\\\/\\\/www.portovenere.fr\\\/fr-fr\\\/parquet-massif-sol-exception-durable\\\/\"},\"wordCount\":1746,\"publisher\":{\"@id\":\"https:\\\/\\\/www.portovenere.fr\\\/fr-fr\\\/#organization\"},\"image\":{\"@id\":\"https:\\\/\\\/www.portovenere.fr\\\/fr-fr\\\/parquet-massif-sol-exception-durable\\\/#primaryimage\"},\"thumbnailUrl\":\"https:\\\/\\\/www.portovenere.fr\\\/fr-fr\\\/wp-content\\\/uploads\\\/2026\\\/09\\\/parquet-massif-un-sol-dexception-durable-featured.webp\",\"articleSection\":[\"Les inclassables\"],\"inLanguage\":\"fr-FR\"},{\"@type\":\"WebPage\",\"@id\":\"https:\\\/\\\/www.portovenere.fr\\\/fr-fr\\\/parquet-massif-sol-exception-durable\\\/\",\"url\":\"https:\\\/\\\/www.portovenere.fr\\\/fr-fr\\\/parquet-massif-sol-exception-durable\\\/\",\"name\":\"Parquet massif, un sol d\u2019exception durable - Porto Venere\",\"isPartOf\":{\"@id\":\"https:\\\/\\\/www.portovenere.fr\\\/fr-fr\\\/#website\"},\"primaryImageOfPage\":{\"@id\":\"https:\\\/\\\/www.portovenere.fr\\\/fr-fr\\\/parquet-massif-sol-exception-durable\\\/#primaryimage\"},\"image\":{\"@id\":\"https:\\\/\\\/www.portovenere.fr\\\/fr-fr\\\/parquet-massif-sol-exception-durable\\\/#primaryimage\"},\"thumbnailUrl\":\"https:\\\/\\\/www.portovenere.fr\\\/fr-fr\\\/wp-content\\\/uploads\\\/2026\\\/09\\\/parquet-massif-un-sol-dexception-durable-featured.webp\",\"datePublished\":\"2026-09-04T03:51:54+00:00\",\"description\":\"Le parquet massif apporte chaleur, caract\u00e8re et long\u00e9vit\u00e9 \u00e0 votre int\u00e9rieur. Nos conseils pour choisir essence, pose et finition adapt\u00e9es \u00e0 chaque pi\u00e8ce\",\"breadcrumb\":{\"@id\":\"https:\\\/\\\/www.portovenere.fr\\\/fr-fr\\\/parquet-massif-sol-exception-durable\\\/#breadcrumb\"},\"inLanguage\":\"fr-FR\",\"potentialAction\":[{\"@type\":\"ReadAction\",\"target\":[\"https:\\\/\\\/www.portovenere.fr\\\/fr-fr\\\/parquet-massif-sol-exception-durable\\\/\"]}]},{\"@type\":\"ImageObject\",\"inLanguage\":\"fr-FR\",\"@id\":\"https:\\\/\\\/www.portovenere.fr\\\/fr-fr\\\/parquet-massif-sol-exception-durable\\\/#primaryimage\",\"url\":\"https:\\\/\\\/www.portovenere.fr\\\/fr-fr\\\/wp-content\\\/uploads\\\/2026\\\/09\\\/parquet-massif-un-sol-dexception-durable-featured.webp\",\"contentUrl\":\"https:\\\/\\\/www.portovenere.fr\\\/fr-fr\\\/wp-content\\\/uploads\\\/2026\\\/09\\\/parquet-massif-un-sol-dexception-durable-featured.webp\",\"width\":1536,\"height\":1024,\"caption\":\"Parquet massif, un sol d\u2019exception durable\"},{\"@type\":\"BreadcrumbList\",\"@id\":\"https:\\\/\\\/www.portovenere.fr\\\/fr-fr\\\/parquet-massif-sol-exception-durable\\\/#breadcrumb\",\"itemListElement\":[{\"@type\":\"ListItem\",\"position\":1,\"name\":\"Page d'accueil\",\"item\":\"https:\\\/\\\/www.portovenere.fr\\\/fr-fr\\\/\"},{\"@type\":\"ListItem\",\"position\":2,\"name\":\"Les inclassables\",\"item\":\"https:\\\/\\\/www.portovenere.fr\\\/fr-fr\\\/categorie\\\/les-inclassables\\\/\"},{\"@type\":\"ListItem\",\"position\":3,\"name\":\"Parquet massif, un sol d\u2019exception durable\"}]},{\"@type\":\"WebSite\",\"@id\":\"https:\\\/\\\/www.portovenere.fr\\\/fr-fr\\\/#website\",\"url\":\"https:\\\/\\\/www.portovenere.fr\\\/fr-fr\\\/\",\"name\":\"Porto Venere\",\"description\":\"Magasin de carrelage, cuisine, salle de bain \u00e0 Montpellier dans l&#039;H\u00e9rault\",\"publisher\":{\"@id\":\"https:\\\/\\\/www.portovenere.fr\\\/fr-fr\\\/#organization\"},\"potentialAction\":[{\"@type\":\"SearchAction\",\"target\":{\"@type\":\"EntryPoint\",\"urlTemplate\":\"https:\\\/\\\/www.portovenere.fr\\\/fr-fr\\\/?s={search_term_string}\"},\"query-input\":{\"@type\":\"PropertyValueSpecification\",\"valueRequired\":true,\"valueName\":\"search_term_string\"}}],\"inLanguage\":\"fr-FR\"},{\"@type\":\"Organization\",\"@id\":\"https:\\\/\\\/www.portovenere.fr\\\/fr-fr\\\/#organization\",\"name\":\"Porto Venere - Carrelage Usine Center SARL\",\"url\":\"https:\\\/\\\/www.portovenere.fr\\\/fr-fr\\\/\",\"logo\":{\"@type\":\"ImageObject\",\"inLanguage\":\"fr-FR\",\"@id\":\"https:\\\/\\\/www.portovenere.fr\\\/fr-fr\\\/#\\\/schema\\\/logo\\\/image\\\/\",\"url\":\"https:\\\/\\\/www.portovenere.fr\\\/fr-fr\\\/wp-content\\\/uploads\\\/2019\\\/05\\\/logo3.png\",\"contentUrl\":\"https:\\\/\\\/www.portovenere.fr\\\/fr-fr\\\/wp-content\\\/uploads\\\/2019\\\/05\\\/logo3.png\",\"width\":388,\"height\":120,\"caption\":\"Porto Venere - Carrelage Usine Center SARL\"},\"image\":{\"@id\":\"https:\\\/\\\/www.portovenere.fr\\\/fr-fr\\\/#\\\/schema\\\/logo\\\/image\\\/\"},\"sameAs\":[\"https:\\\/\\\/www.facebook.com\\\/portovenere34\\\/\",\"https:\\\/\\\/www.instagram.com\\\/porto.venere\\\/\",\"https:\\\/\\\/www.linkedin.com\\\/company\\\/porto-venere-montpellier\\\/\",\"https:\\\/\\\/www.pinterest.fr\\\/portovenere34\\\/\"]}]}<\/script>\n<!-- \/ Yoast SEO plugin. -->","yoast_head_json":{"title":"Parquet massif, un sol d\u2019exception durable - Porto Venere","description":"Le parquet massif apporte chaleur, caract\u00e8re et long\u00e9vit\u00e9 \u00e0 votre int\u00e9rieur. Nos conseils pour choisir essence, pose et finition adapt\u00e9es \u00e0 chaque pi\u00e8ce","robots":{"index":"index","follow":"follow","max-snippet":"max-snippet:-1","max-image-preview":"max-image-preview:large","max-video-preview":"max-video-preview:-1"},"canonical":"https:\/\/www.portovenere.fr\/fr-fr\/parquet-massif-sol-exception-durable\/","og_locale":"fr_FR","og_type":"article","og_title":"Parquet massif, un sol d\u2019exception durable - Porto Venere","og_description":"Le parquet massif apporte chaleur, caract\u00e8re et long\u00e9vit\u00e9 \u00e0 votre int\u00e9rieur. Nos conseils pour choisir essence, pose et finition adapt\u00e9es \u00e0 chaque pi\u00e8ce","og_url":"https:\/\/www.portovenere.fr\/fr-fr\/parquet-massif-sol-exception-durable\/","og_site_name":"Porto Venere","article_publisher":"https:\/\/www.facebook.com\/portovenere34\/","article_published_time":"2026-09-04T03:51:54+00:00","og_image":[{"width":388,"height":120,"url":"https:\/\/www.portovenere.fr\/fr-fr\/wp-content\/uploads\/2019\/05\/logo3.png","type":"image\/png"}],"twitter_card":"summary_large_image","twitter_misc":{"Dur\u00e9e de lecture estim\u00e9e":"9 minutes"},"schema":{"@context":"https:\/\/schema.org","@graph":[{"@type":"Article","@id":"https:\/\/www.portovenere.fr\/fr-fr\/parquet-massif-sol-exception-durable\/#article","isPartOf":{"@id":"https:\/\/www.portovenere.fr\/fr-fr\/parquet-massif-sol-exception-durable\/"},"author":{"name":"","@id":""},"headline":"Parquet massif, un sol d\u2019exception durable","datePublished":"2026-09-04T03:51:54+00:00","mainEntityOfPage":{"@id":"https:\/\/www.portovenere.fr\/fr-fr\/parquet-massif-sol-exception-durable\/"},"wordCount":1746,"publisher":{"@id":"https:\/\/www.portovenere.fr\/fr-fr\/#organization"},"image":{"@id":"https:\/\/www.portovenere.fr\/fr-fr\/parquet-massif-sol-exception-durable\/#primaryimage"},"thumbnailUrl":"https:\/\/www.portovenere.fr\/fr-fr\/wp-content\/uploads\/2026\/09\/parquet-massif-un-sol-dexception-durable-featured.webp","articleSection":["Les inclassables"],"inLanguage":"fr-FR"},{"@type":"WebPage","@id":"https:\/\/www.portovenere.fr\/fr-fr\/parquet-massif-sol-exception-durable\/","url":"https:\/\/www.portovenere.fr\/fr-fr\/parquet-massif-sol-exception-durable\/","name":"Parquet massif, un sol d\u2019exception durable - Porto Venere","isPartOf":{"@id":"https:\/\/www.portovenere.fr\/fr-fr\/#website"},"primaryImageOfPage":{"@id":"https:\/\/www.portovenere.fr\/fr-fr\/parquet-massif-sol-exception-durable\/#primaryimage"},"image":{"@id":"https:\/\/www.portovenere.fr\/fr-fr\/parquet-massif-sol-exception-durable\/#primaryimage"},"thumbnailUrl":"https:\/\/www.portovenere.fr\/fr-fr\/wp-content\/uploads\/2026\/09\/parquet-massif-un-sol-dexception-durable-featured.webp","datePublished":"2026-09-04T03:51:54+00:00","description":"Le parquet massif apporte chaleur, caract\u00e8re et long\u00e9vit\u00e9 \u00e0 votre int\u00e9rieur. Nos conseils pour choisir essence, pose et finition adapt\u00e9es \u00e0 chaque pi\u00e8ce","breadcrumb":{"@id":"https:\/\/www.portovenere.fr\/fr-fr\/parquet-massif-sol-exception-durable\/#breadcrumb"},"inLanguage":"fr-FR","potentialAction":[{"@type":"ReadAction","target":["https:\/\/www.portovenere.fr\/fr-fr\/parquet-massif-sol-exception-durable\/"]}]},{"@type":"ImageObject","inLanguage":"fr-FR","@id":"https:\/\/www.portovenere.fr\/fr-fr\/parquet-massif-sol-exception-durable\/#primaryimage","url":"https:\/\/www.portovenere.fr\/fr-fr\/wp-content\/uploads\/2026\/09\/parquet-massif-un-sol-dexception-durable-featured.webp","contentUrl":"https:\/\/www.portovenere.fr\/fr-fr\/wp-content\/uploads\/2026\/09\/parquet-massif-un-sol-dexception-durable-featured.webp","width":1536,"height":1024,"caption":"Parquet massif, un sol d\u2019exception durable"},{"@type":"BreadcrumbList","@id":"https:\/\/www.portovenere.fr\/fr-fr\/parquet-massif-sol-exception-durable\/#breadcrumb","itemListElement":[{"@type":"ListItem","position":1,"name":"Page d'accueil","item":"https:\/\/www.portovenere.fr\/fr-fr\/"},{"@type":"ListItem","position":2,"name":"Les inclassables","item":"https:\/\/www.portovenere.fr\/fr-fr\/categorie\/les-inclassables\/"},{"@type":"ListItem","position":3,"name":"Parquet massif, un sol d\u2019exception durable"}]},{"@type":"WebSite","@id":"https:\/\/www.portovenere.fr\/fr-fr\/#website","url":"https:\/\/www.portovenere.fr\/fr-fr\/","name":"Porto Venere","description":"Magasin de carrelage, cuisine, salle de bain \u00e0 Montpellier dans l&#039;H\u00e9rault","publisher":{"@id":"https:\/\/www.portovenere.fr\/fr-fr\/#organization"},"potentialAction":[{"@type":"SearchAction","target":{"@type":"EntryPoint","urlTemplate":"https:\/\/www.portovenere.fr\/fr-fr\/?s={search_term_string}"},"query-input":{"@type":"PropertyValueSpecification","valueRequired":true,"valueName":"search_term_string"}}],"inLanguage":"fr-FR"},{"@type":"Organization","@id":"https:\/\/www.portovenere.fr\/fr-fr\/#organization","name":"Porto Venere - Carrelage Usine Center SARL","url":"https:\/\/www.portovenere.fr\/fr-fr\/","logo":{"@type":"ImageObject","inLanguage":"fr-FR","@id":"https:\/\/www.portovenere.fr\/fr-fr\/#\/schema\/logo\/image\/","url":"https:\/\/www.portovenere.fr\/fr-fr\/wp-content\/uploads\/2019\/05\/logo3.png","contentUrl":"https:\/\/www.portovenere.fr\/fr-fr\/wp-content\/uploads\/2019\/05\/logo3.png","width":388,"height":120,"caption":"Porto Venere - Carrelage Usine Center SARL"},"image":{"@id":"https:\/\/www.portovenere.fr\/fr-fr\/#\/schema\/logo\/image\/"},"sameAs":["https:\/\/www.facebook.com\/portovenere34\/","https:\/\/www.instagram.com\/porto.venere\/","https:\/\/www.linkedin.com\/company\/porto-venere-montpellier\/","https:\/\/www.pinterest.fr\/portovenere34\/"]}]}},"_links":{"self":[{"href":"https:\/\/www.portovenere.fr\/fr-fr\/wp-json\/wp\/v2\/posts\/72047","targetHints":{"allow":["GET"]}}],"collection":[{"href":"https:\/\/www.portovenere.fr\/fr-fr\/wp-json\/wp\/v2\/posts"}],"about":[{"href":"https:\/\/www.portovenere.fr\/fr-fr\/wp-json\/wp\/v2\/types\/post"}],"replies":[{"embeddable":true,"href":"https:\/\/www.portovenere.fr\/fr-fr\/wp-json\/wp\/v2\/comments?post=72047"}],"version-history":[{"count":0,"href":"https:\/\/www.portovenere.fr\/fr-fr\/wp-json\/wp\/v2\/posts\/72047\/revisions"}],"wp:featuredmedia":[{"embeddable":true,"href":"https:\/\/www.portovenere.fr\/fr-fr\/wp-json\/wp\/v2\/media\/72048"}],"wp:attachment":[{"href":"https:\/\/www.portovenere.fr\/fr-fr\/wp-json\/wp\/v2\/media?parent=72047"}],"wp:term":[{"taxonomy":"category","embeddable":true,"href":"https:\/\/www.portovenere.fr\/fr-fr\/wp-json\/wp\/v2\/categories?post=72047"},{"taxonomy":"post_tag","embeddable":true,"href":"https:\/\/www.portovenere.fr\/fr-fr\/wp-json\/wp\/v2\/tags?post=72047"}],"curies":[{"name":"wp","href":"https:\/\/api.w.org\/{rel}","templated":true}]}}